{"id":2450,"date":"2018-05-13T17:19:00","date_gmt":"2018-05-13T20:19:00","guid":{"rendered":"http:\/\/blogdoedvaldomagalhaes.com.br\/index.php\/2018\/05\/13\/mensagem-do-bispo-diocesano-de-caruaru\/"},"modified":"2019-02-09T02:13:52","modified_gmt":"2019-02-09T04:13:52","slug":"mensagem-do-bispo-diocesano-de-caruaru","status":"publish","type":"post","link":"https:\/\/blogdoedvaldomagalhaes.com.br\/index.php\/2018\/05\/13\/mensagem-do-bispo-diocesano-de-caruaru\/","title":{"rendered":"Mensagem do Bispo Diocesano de Caruaru Dom Dino"},"content":{"rendered":"<div class=\"separator\" style=\"clear: both; text-align: center;\">\n<a href=\"https:\/\/4.bp.blogspot.com\/-ZlgauqG5eIQ\/WvhzbJ_Ke_I\/AAAAAAAAxJ8\/AsWvQNuUxfMRnObGWqXQ2xNhSmTWO0fpwCLcBGAs\/s1600\/dia.jpg\" imageanchor=\"1\" style=\"margin-left: 1em; margin-right: 1em;\"><img loading=\"lazy\" decoding=\"async\" border=\"0\" data-original-height=\"480\" data-original-width=\"853\" height=\"360\" src=\"http:\/\/blogdoedvaldomagalhaes.com.br\/wp-content\/uploads\/2018\/05\/dia-1.jpg\" width=\"640\" \/><\/a><\/div>\n<div style=\"background-color: white; border: 0px; margin-bottom: 1.5em; outline: 0px; padding: 0px; text-align: justify; vertical-align: baseline;\">\n<\/div>\n<div style=\"background-color: white; border: 0px; margin-bottom: 1.5em; outline: 0px; padding: 0px; text-align: justify; vertical-align: baseline;\">\n\u201cA verdade vos tornar\u00e1 livres\u201d (Jo 8, 32)<\/div>\n<div style=\"background-color: white; border: 0px; margin-bottom: 1.5em; outline: 0px; padding: 0px; text-align: justify; vertical-align: baseline;\">\nA humanidade, apesar de viver mergulhada nas mentiras, na viol\u00eancia e nas divis\u00f5es fratricidas, est\u00e1 em busca da comunh\u00e3o e da paz. N\u00e3o \u00e9 f\u00e1cil encontrar o caminho certo: o ego\u00edsmo humano oferece solu\u00e7\u00f5es superficiais e passageiras que levam \u00e0 decep\u00e7\u00e3o.<\/div>\n<div style=\"background-color: white; border: 0px; margin-bottom: 1.5em; outline: 0px; padding: 0px; text-align: justify; vertical-align: baseline;\">\nPor ocasi\u00e3o do \u201c52\u00ba Dia mundial das Comunica\u00e7\u00f5es Sociais\u201d, que sempre se celebra na Festa da Ascens\u00e3o do Senhor ao c\u00e9u, o Papa Francisco nos oferece diretrizes seguras e infal\u00edveis: buscar a verdade combatendo toda e qualquer tenta\u00e7\u00e3o de mentiras e not\u00edcias falsas (fake News) que desestabilizam a conviv\u00eancia humana. Guerras, viol\u00eancias e divis\u00f5es come\u00e7am sempre na facilidade com que o ser humano distorce a verdade em busca de vantagens ego\u00edstas.<\/div>\n<div style=\"background-color: white; border: 0px; margin-bottom: 1.5em; outline: 0px; padding: 0px; text-align: justify; vertical-align: baseline;\">\nQueremos acolher com gratid\u00e3o o apelo do Papa que parte da promessa de Jesus: a verdade vos tornar\u00e1 livre! \u201cA comunica\u00e7\u00e3o humana, diz Francisco, \u00e9 uma modalidade essencial para viver a comunh\u00e3o. Imagem e semelhan\u00e7a do Criador, o ser humano \u00e9 capaz de expressar e compartilhar o verdadeiro, o bom e o belo\u201d. E, depois de ter analisado as consequ\u00eancias negativas das \u201cfake news\u201d que hoje se espalham com facilidade nas redes sociais ou atrav\u00e9s de um jornalismo sensacionalista que n\u00e3o est\u00e1 interessado na verdade, mas no lucro, o Papa nos indica o caminho da realiza\u00e7\u00e3o humana: \u201cLiberta\u00e7\u00e3o da falsidade e busca do relacionamento: eis aqui os dois ingredientes &nbsp;que n\u00e3o podem faltar, para que as nossas palavras e os nossos gestos sejam verdadeiros, aut\u00eanticos e confi\u00e1veis. Para discernir a verdade, \u00e9 preciso examinar aquilo que favorece a comunh\u00e3o e promove o bem\u2026 A verdade n\u00e3o se alcan\u00e7a autenticamente quando \u00e9 imposta como algo de extr\u00ednseco e impessoal: mas brota de rela\u00e7\u00f5es livres entre as pessoas, na escuta rec\u00edproca\u201d.<\/div>\n<div style=\"background-color: white; border: 0px; margin-bottom: 1.5em; outline: 0px; padding: 0px; text-align: justify; vertical-align: baseline;\">\nNesta ocasi\u00e3o quero fazer um apelo aos Padres e a todos os agentes pastorais: &nbsp;vamos valorizar e fortalecer as equipes paroquiais da PASCOM convidando a PASCOM Diocesana para oferecer forma\u00e7\u00e3o nas comunidades. E, neste ano, teremos mais um desafio: acolher o 6\u00ba MUTICOM do Regional NE II que se realizar\u00e1 em Caruaru nos dias 19 a 21 de outubro. Ser\u00e1 uma oportunidade de divulgar a nossa a\u00e7\u00e3o evangelizadora que, depois de 70 anos, oferece o fruto dos seus trabalhos marcados pelo amor \u00e0 verdade e pela busca de uma comunica\u00e7\u00e3o que constr\u00f3i a comunh\u00e3o!<\/div>\n<div style=\"background-color: white; border: 0px; margin-bottom: 1.5em; outline: 0px; padding: 0px; text-align: justify; vertical-align: baseline;\">\n\u00d3 Trindade Santa, vos louvamos a agradecemos!<\/div>\n<div style=\"background-color: white; border: 0px; margin-bottom: 1.5em; outline: 0px; padding: 0px; text-align: justify; vertical-align: baseline;\">\nDom Bernardino Marchi\u00f3<\/div>\n<div style=\"background-color: white; border: 0px; margin-bottom: 1.5em; outline: 0px; padding: 0px; text-align: justify; vertical-align: baseline;\">\nBispo Diocesano<\/div>\n","protected":false},"excerpt":{"rendered":"<p>\u201cA verdade vos tornar\u00e1 livres\u201d (Jo 8, 32) A humanidade, apesar de viver mergulhada nas mentiras, na viol\u00eancia e nas&hellip;<\/p>\n","protected":false},"author":1,"featured_media":0,"comment_status":"open","ping_status":"open","sticky":false,"template":"","format":"standard","meta":{"footnotes":""},"categories":[1],"tags":[2,2642,6],"class_list":["post-2450","post","type-post","status-publish","format-standard","hentry","category-sem-categoria","tag-blog-do-edvaldo-magalhaes","tag-mensagem-do-bispo-diocesano-de-caruaru-dom-dino","tag-noticias"],"_links":{"self":[{"href":"https:\/\/blogdoedvaldomagalhaes.com.br\/index.php\/wp-json\/wp\/v2\/posts\/2450","targetHints":{"allow":["GET"]}}],"collection":[{"href":"https:\/\/blogdoedvaldomagalhaes.com.br\/index.php\/wp-json\/wp\/v2\/posts"}],"about":[{"href":"https:\/\/blogdoedvaldomagalhaes.com.br\/index.php\/wp-json\/wp\/v2\/types\/post"}],"author":[{"embeddable":true,"href":"https:\/\/blogdoedvaldomagalhaes.com.br\/index.php\/wp-json\/wp\/v2\/users\/1"}],"replies":[{"embeddable":true,"href":"https:\/\/blogdoedvaldomagalhaes.com.br\/index.php\/wp-json\/wp\/v2\/comments?post=2450"}],"version-history":[{"count":1,"href":"https:\/\/blogdoedvaldomagalhaes.com.br\/index.php\/wp-json\/wp\/v2\/posts\/2450\/revisions"}],"predecessor-version":[{"id":30746,"href":"https:\/\/blogdoedvaldomagalhaes.com.br\/index.php\/wp-json\/wp\/v2\/posts\/2450\/revisions\/30746"}],"wp:attachment":[{"href":"https:\/\/blogdoedvaldomagalhaes.com.br\/index.php\/wp-json\/wp\/v2\/media?parent=2450"}],"wp:term":[{"taxonomy":"category","embeddable":true,"href":"https:\/\/blogdoedvaldomagalhaes.com.br\/index.php\/wp-json\/wp\/v2\/categories?post=2450"},{"taxonomy":"post_tag","embeddable":true,"href":"https:\/\/blogdoedvaldomagalhaes.com.br\/index.php\/wp-json\/wp\/v2\/tags?post=2450"}],"curies":[{"name":"wp","href":"https:\/\/api.w.org\/{rel}","templated":true}]}}