{"id":2445,"date":"2018-05-14T15:58:00","date_gmt":"2018-05-14T18:58:00","guid":{"rendered":"http:\/\/blogdoedvaldomagalhaes.com.br\/index.php\/2018\/05\/14\/capotamento-com-feridos-na-br-232-e\/"},"modified":"2019-02-09T02:13:56","modified_gmt":"2019-02-09T04:13:56","slug":"capotamento-com-feridos-na-br-232-e","status":"publish","type":"post","link":"https:\/\/blogdoedvaldomagalhaes.com.br\/index.php\/2018\/05\/14\/capotamento-com-feridos-na-br-232-e\/","title":{"rendered":"Capotamento com feridos na BR-232 em Caruaru"},"content":{"rendered":"<div class=\"separator\" style=\"clear: both; text-align: center;\">\n<a href=\"https:\/\/2.bp.blogspot.com\/-1emLN3CNW-c\/Wvmwm-r_qdI\/AAAAAAAAxN0\/kZjj2qBmuJYQbruUC4CiA7tkbVUmVosgwCLcBGAs\/s1600\/lindomar.jpg\" imageanchor=\"1\" style=\"margin-left: 1em; margin-right: 1em;\"><img loading=\"lazy\" decoding=\"async\" border=\"0\" data-original-height=\"391\" data-original-width=\"696\" height=\"358\" src=\"http:\/\/blogdoedvaldomagalhaes.com.br\/wp-content\/uploads\/2018\/05\/lindomar.jpg\" width=\"640\" \/><\/a><\/div>\n<div class=\"separator\" style=\"clear: both; text-align: center;\">\nFotos: Lindomar Rodrigues<\/div>\n<div class=\"separator\" style=\"clear: both; text-align: center;\">\n<\/div>\n<div style=\"background-color: white; box-sizing: border-box; line-height: 26px; margin-bottom: 26px; text-align: justify; word-wrap: break-word;\">\nO acidente ocorreu na manh\u00e3 desta segunda-feira (14), envolvendo um ve\u00edculo Gol de cor branca com placas de Olinda-PE, pr\u00f3ximo ao KM 137 da BR-232, em Caruaru. Segundo informa\u00e7\u00f5es do Policial Rodovi\u00e1rio Federal, Falb\u00e9rio, cinco pessoas ficaram feridas, e a causa do capotamento at\u00e9 o presente momento \u00e9 desconhecida.<\/p>\n<p><\/p>\n<div class=\"separator\" style=\"clear: both; text-align: center;\">\n<a href=\"https:\/\/4.bp.blogspot.com\/-ZwJQ9Rwsw6o\/WvnhPQyAcUI\/AAAAAAAAxP0\/32my39Wn1545_rdtIl-mul_IOqR6aKCwQCLcBGAs\/s1600\/IMG-20180514-WA0052.jpg\" imageanchor=\"1\" style=\"margin-left: 1em; margin-right: 1em;\"><img loading=\"lazy\" decoding=\"async\" border=\"0\" data-original-height=\"584\" data-original-width=\"1040\" height=\"356\" src=\"http:\/\/blogdoedvaldomagalhaes.com.br\/wp-content\/uploads\/2018\/05\/IMG-20180514-WA0052.jpg\" width=\"640\" \/><\/a><\/div>\n<p><\/p>\n<div class=\"separator\" style=\"clear: both; text-align: center;\">\n<a href=\"https:\/\/3.bp.blogspot.com\/-eQsvmY7_Dfg\/WvnhrE24BrI\/AAAAAAAAxP8\/f4iWYt-5_38CY6OJ22eX-E4fw0dhhy14wCLcBGAs\/s1600\/IMG-20180514-WA0054.jpg\" imageanchor=\"1\" style=\"margin-left: 1em; margin-right: 1em;\"><img loading=\"lazy\" decoding=\"async\" border=\"0\" data-original-height=\"584\" data-original-width=\"1040\" height=\"356\" src=\"http:\/\/blogdoedvaldomagalhaes.com.br\/wp-content\/uploads\/2018\/05\/IMG-20180514-WA0054.jpg\" width=\"640\" \/><\/a><\/div>\n<p><\/p>\n<div class=\"separator\" style=\"clear: both; text-align: center;\">\n<a href=\"https:\/\/1.bp.blogspot.com\/-ZHXSvVr9C5Q\/WvnhrkdnQ2I\/AAAAAAAAxQA\/4u51JR2LUOEF5EXpOKO7v2-zqp2P6DV5wCLcBGAs\/s1600\/IMG-20180514-WA0053.jpg\" imageanchor=\"1\" style=\"margin-left: 1em; margin-right: 1em;\"><img loading=\"lazy\" decoding=\"async\" border=\"0\" data-original-height=\"584\" data-original-width=\"1040\" height=\"356\" src=\"http:\/\/blogdoedvaldomagalhaes.com.br\/wp-content\/uploads\/2018\/05\/IMG-20180514-WA0053.jpg\" width=\"640\" \/><\/a><\/div>\n<\/div>\n<div style=\"background-color: white; box-sizing: border-box; line-height: 26px; margin-bottom: 26px; text-align: justify; word-wrap: break-word;\">\nEquipes do Corpo de Bombeiros e do Samu prestaram os primeiros socorros as v\u00edtimas, que foram encaminhados para o Hospital Regional do Agreste (HRA) onde est\u00e3o recebendo atendimento m\u00e9dico.<\/p>\n<p><\/p>\n<div class=\"separator\" style=\"clear: both; text-align: center;\">\n<a href=\"https:\/\/1.bp.blogspot.com\/-ygQCoC8DdEQ\/WvniaaLctJI\/AAAAAAAAxQU\/PJZVtqxs2KcemLPrqjWgy7Jlrt7688l-QCLcBGAs\/s1600\/20180514_103430.jpg\" imageanchor=\"1\" style=\"margin-left: 1em; margin-right: 1em;\"><img loading=\"lazy\" decoding=\"async\" border=\"0\" data-original-height=\"900\" data-original-width=\"1600\" height=\"360\" src=\"http:\/\/blogdoedvaldomagalhaes.com.br\/wp-content\/uploads\/2018\/05\/20180514_103430.jpg\" width=\"640\" \/><\/a><\/div>\n<p><\/p>\n<div class=\"separator\" style=\"clear: both; text-align: center;\">\n<a href=\"https:\/\/1.bp.blogspot.com\/-MRyiowY-90s\/WvniibmcQmI\/AAAAAAAAxQY\/5r7SNbm64I8_k01uuhTogQgihAKLHY80gCLcBGAs\/s1600\/20180514_103056.jpg\" imageanchor=\"1\" style=\"margin-left: 1em; margin-right: 1em;\"><img loading=\"lazy\" decoding=\"async\" border=\"0\" data-original-height=\"900\" data-original-width=\"1600\" height=\"360\" src=\"http:\/\/blogdoedvaldomagalhaes.com.br\/wp-content\/uploads\/2018\/05\/20180514_103056.jpg\" width=\"640\" \/><\/a><\/div>\n<p><\/p>\n<div class=\"separator\" style=\"clear: both; text-align: center;\">\n<a href=\"https:\/\/3.bp.blogspot.com\/-M1ioDqYMf9M\/WvniqoRddtI\/AAAAAAAAxQg\/kzeBBP-BnAQu67DgEtcw-XVzLHsZ3yzqgCLcBGAs\/s1600\/20180514_103048.jpg\" imageanchor=\"1\" style=\"margin-left: 1em; margin-right: 1em;\"><img loading=\"lazy\" decoding=\"async\" border=\"0\" data-original-height=\"900\" data-original-width=\"1600\" height=\"360\" src=\"http:\/\/blogdoedvaldomagalhaes.com.br\/wp-content\/uploads\/2018\/05\/20180514_103048.jpg\" width=\"640\" \/><\/a><\/div>\n<p><\/div>\n","protected":false},"excerpt":{"rendered":"<p>Fotos: Lindomar Rodrigues O acidente ocorreu na manh\u00e3 desta segunda-feira (14), envolvendo um ve\u00edculo Gol de cor branca com placas&hellip;<\/p>\n","protected":false},"author":1,"featured_media":0,"comment_status":"open","ping_status":"open","sticky":false,"template":"","format":"standard","meta":{"footnotes":""},"categories":[1],"tags":[2,2634,6],"class_list":["post-2445","post","type-post","status-publish","format-standard","hentry","category-sem-categoria","tag-blog-do-edvaldo-magalhaes","tag-capotamento-com-feridos-na-br-232-em-caruaru","tag-noticias"],"_links":{"self":[{"href":"https:\/\/blogdoedvaldomagalhaes.com.br\/index.php\/wp-json\/wp\/v2\/posts\/2445","targetHints":{"allow":["GET"]}}],"collection":[{"href":"https:\/\/blogdoedvaldomagalhaes.com.br\/index.php\/wp-json\/wp\/v2\/posts"}],"about":[{"href":"https:\/\/blogdoedvaldomagalhaes.com.br\/index.php\/wp-json\/wp\/v2\/types\/post"}],"author":[{"embeddable":true,"href":"https:\/\/blogdoedvaldomagalhaes.com.br\/index.php\/wp-json\/wp\/v2\/users\/1"}],"replies":[{"embeddable":true,"href":"https:\/\/blogdoedvaldomagalhaes.com.br\/index.php\/wp-json\/wp\/v2\/comments?post=2445"}],"version-history":[{"count":1,"href":"https:\/\/blogdoedvaldomagalhaes.com.br\/index.php\/wp-json\/wp\/v2\/posts\/2445\/revisions"}],"predecessor-version":[{"id":30764,"href":"https:\/\/blogdoedvaldomagalhaes.com.br\/index.php\/wp-json\/wp\/v2\/posts\/2445\/revisions\/30764"}],"wp:attachment":[{"href":"https:\/\/blogdoedvaldomagalhaes.com.br\/index.php\/wp-json\/wp\/v2\/media?parent=2445"}],"wp:term":[{"taxonomy":"category","embeddable":true,"href":"https:\/\/blogdoedvaldomagalhaes.com.br\/index.php\/wp-json\/wp\/v2\/categories?post=2445"},{"taxonomy":"post_tag","embeddable":true,"href":"https:\/\/blogdoedvaldomagalhaes.com.br\/index.php\/wp-json\/wp\/v2\/tags?post=2445"}],"curies":[{"name":"wp","href":"https:\/\/api.w.org\/{rel}","templated":true}]}}