{"id":2444,"date":"2018-05-14T16:13:00","date_gmt":"2018-05-14T19:13:00","guid":{"rendered":"http:\/\/blogdoedvaldomagalhaes.com.br\/index.php\/2018\/05\/14\/compesa-ira-reduzir-racionamento-de\/"},"modified":"2019-02-09T02:13:56","modified_gmt":"2019-02-09T04:13:56","slug":"compesa-ira-reduzir-racionamento-de","status":"publish","type":"post","link":"https:\/\/blogdoedvaldomagalhaes.com.br\/index.php\/2018\/05\/14\/compesa-ira-reduzir-racionamento-de\/","title":{"rendered":"Compesa ir\u00e1 reduzir racionamento de \u00e1gua em Caruaru a partir de junho"},"content":{"rendered":"<div class=\"separator\" style=\"clear: both; text-align: center;\">\n<a href=\"https:\/\/2.bp.blogspot.com\/-LFqdgdwB8yA\/Wvm1bPDHHPI\/AAAAAAAAxOE\/H2GrWZylUgQ9DJbcmx0rcf_ENYtaqAH3QCLcBGAs\/s1600\/barragem.jpg\" imageanchor=\"1\" style=\"margin-left: 1em; margin-right: 1em;\"><img loading=\"lazy\" decoding=\"async\" border=\"0\" data-original-height=\"522\" data-original-width=\"696\" height=\"480\" src=\"http:\/\/blogdoedvaldomagalhaes.com.br\/wp-content\/uploads\/2018\/05\/barragem.jpg\" width=\"640\" \/><\/a><\/div>\n<div class=\"separator\" style=\"clear: both; text-align: center;\">\nFoto da Barragem do Prata<\/div>\n<div style=\"background-color: white; box-sizing: border-box; line-height: 24px; margin-bottom: 10px; text-align: justify;\">\n<\/div>\n<div style=\"background-color: white; box-sizing: border-box; line-height: 24px; margin-bottom: 10px; text-align: justify;\">\nCom a Barragem do Prata vertendo e Jucazinho com mais de 20 milh\u00f5es de metros c\u00fabicos de \u00e1gua, o rod\u00edzio no abastecimento em Caruaru ir\u00e1 diminuir a partir de junho. Estudos t\u00e9cnicos est\u00e3o sendo realizados pela Compesa.<\/div>\n<div style=\"background-color: white; box-sizing: border-box; line-height: 24px; margin-bottom: 10px; text-align: justify;\">\nDe acordo com o gerente regional da Companhia, M\u00e1rio Heitor, o Sistema Jucazinho ser\u00e1 reativado no pr\u00f3ximo m\u00eas. Com isso, o abastecimento ir\u00e1 melhorar em v\u00e1rias cidades do Agreste.<\/div>\n<div style=\"background-color: white; box-sizing: border-box; line-height: 24px; margin-bottom: 10px; text-align: justify;\">\nFonte: R\u00e1dio Liberdade.<\/div>\n","protected":false},"excerpt":{"rendered":"<p>Foto da Barragem do Prata Com a Barragem do Prata vertendo e Jucazinho com mais de 20 milh\u00f5es de metros&hellip;<\/p>\n","protected":false},"author":1,"featured_media":0,"comment_status":"open","ping_status":"open","sticky":false,"template":"","format":"standard","meta":{"footnotes":""},"categories":[1],"tags":[2,2632,2633,6],"class_list":["post-2444","post","type-post","status-publish","format-standard","hentry","category-sem-categoria","tag-blog-do-edvaldo-magalhaes","tag-compesa-ira-reduzir-racionamento-de-agua-em-caruaru-a-partir-de-junho","tag-mario-heitor","tag-noticias"],"_links":{"self":[{"href":"https:\/\/blogdoedvaldomagalhaes.com.br\/index.php\/wp-json\/wp\/v2\/posts\/2444","targetHints":{"allow":["GET"]}}],"collection":[{"href":"https:\/\/blogdoedvaldomagalhaes.com.br\/index.php\/wp-json\/wp\/v2\/posts"}],"about":[{"href":"https:\/\/blogdoedvaldomagalhaes.com.br\/index.php\/wp-json\/wp\/v2\/types\/post"}],"author":[{"embeddable":true,"href":"https:\/\/blogdoedvaldomagalhaes.com.br\/index.php\/wp-json\/wp\/v2\/users\/1"}],"replies":[{"embeddable":true,"href":"https:\/\/blogdoedvaldomagalhaes.com.br\/index.php\/wp-json\/wp\/v2\/comments?post=2444"}],"version-history":[{"count":1,"href":"https:\/\/blogdoedvaldomagalhaes.com.br\/index.php\/wp-json\/wp\/v2\/posts\/2444\/revisions"}],"predecessor-version":[{"id":30766,"href":"https:\/\/blogdoedvaldomagalhaes.com.br\/index.php\/wp-json\/wp\/v2\/posts\/2444\/revisions\/30766"}],"wp:attachment":[{"href":"https:\/\/blogdoedvaldomagalhaes.com.br\/index.php\/wp-json\/wp\/v2\/media?parent=2444"}],"wp:term":[{"taxonomy":"category","embeddable":true,"href":"https:\/\/blogdoedvaldomagalhaes.com.br\/index.php\/wp-json\/wp\/v2\/categories?post=2444"},{"taxonomy":"post_tag","embeddable":true,"href":"https:\/\/blogdoedvaldomagalhaes.com.br\/index.php\/wp-json\/wp\/v2\/tags?post=2444"}],"curies":[{"name":"wp","href":"https:\/\/api.w.org\/{rel}","templated":true}]}}