{"id":2443,"date":"2018-05-14T17:16:00","date_gmt":"2018-05-14T20:16:00","guid":{"rendered":"http:\/\/blogdoedvaldomagalhaes.com.br\/index.php\/2018\/05\/14\/um-canto-para-o-conto-celebra-16-semana\/"},"modified":"2019-02-09T02:13:56","modified_gmt":"2019-02-09T04:13:56","slug":"um-canto-para-o-conto-celebra-16-semana","status":"publish","type":"post","link":"https:\/\/blogdoedvaldomagalhaes.com.br\/index.php\/2018\/05\/14\/um-canto-para-o-conto-celebra-16-semana\/","title":{"rendered":"\u201cUm canto para o conto\u201d celebra 16\u00aa Semana dos Museus em Caruaru"},"content":{"rendered":"<div class=\"separator\" style=\"clear: both; text-align: center;\">\n<a href=\"https:\/\/1.bp.blogspot.com\/-WwbF1bUd2Rw\/WvnEV3fFXhI\/AAAAAAAAxOY\/Gm_P5_CShRwLAXGrvw7ZIWtqo35Dwr1AgCLcBGAs\/s1600\/func%25C3%25A7a%25C3%25A3o.jpg\" imageanchor=\"1\" style=\"margin-left: 1em; margin-right: 1em;\"><img loading=\"lazy\" decoding=\"async\" border=\"0\" data-original-height=\"681\" data-original-width=\"1024\" height=\"424\" src=\"http:\/\/blogdoedvaldomagalhaes.com.br\/wp-content\/uploads\/2018\/05\/funcC3A7aC3A3o.jpg\" width=\"640\" \/><\/a><\/div>\n<div style=\"background-color: white; border: 0px; margin-bottom: 1.5em; outline: 0px; padding: 0px; text-align: justify; vertical-align: baseline;\">\n<\/div>\n<div style=\"background-color: white; border: 0px; margin-bottom: 1.5em; outline: 0px; padding: 0px; text-align: justify; vertical-align: baseline;\">\nA Funda\u00e7\u00e3o de Cultura e Turismo de Caruaru, por meio da Ger\u00eancia de Pol\u00edticas Culturais e a Coordena\u00e7\u00e3o dos Museus, promove o projeto \u201cUm canto para o conto\u201d, que faz parte da programa\u00e7\u00e3o da 16\u00aa Semana dos Museus em Caruaru. Este ano, o evento ser\u00e1 realizado entre os dias 15 e 24 de maio, com visitas guiadas, apresenta\u00e7\u00f5es teatrais e poesias. Em 2018, Caruaru comemora o centen\u00e1rio do escritor Nelson Barbalho e sua obra ser\u00e1 tema deste projeto.<\/div>\n<div style=\"background-color: white; border: 0px; margin-bottom: 1.5em; outline: 0px; padding: 0px; text-align: justify; vertical-align: baseline;\">\nA maior parte das a\u00e7\u00f5es se estende at\u00e9 a noite, dando oportunidade \u00e0s pessoas que n\u00e3o conseguem visitar os museus, no hor\u00e1rio de funcionamento, de conhecer os espa\u00e7os museol\u00f3gicos de Caruaru. A entrada \u00e9 gratuita.<\/div>\n<div style=\"background-color: white; border: 0px; margin-bottom: 1.5em; outline: 0px; padding: 0px; text-align: justify; vertical-align: baseline;\">\nAbaixo, segue a programa\u00e7\u00e3o completa.<\/div>\n<div style=\"background-color: white; border: 0px; margin-bottom: 1.5em; outline: 0px; padding: 0px; vertical-align: baseline;\">\n<\/div>\n<div style=\"text-align: justify;\">\n15 de Maio (Ter\u00e7a-feira)<\/div>\n<div style=\"text-align: justify;\">\nAtra\u00e7\u00f5es: Teatro, M\u00fasica e Poesia<\/div>\n<div style=\"text-align: justify;\">\nLocal: Museu do Forr\u00f3 Luiz Gonzaga\/Museu do Barro<\/div>\n<div style=\"text-align: justify;\">\nHor\u00e1rio: 19h \u00e0s 21h<\/div>\n<p><\/p>\n<div style=\"background-color: white; border: 0px; margin-bottom: 1.5em; outline: 0px; padding: 0px; vertical-align: baseline;\">\n<\/div>\n<div style=\"text-align: justify;\">\n16 de Maio (Quarta-feira)<\/div>\n<div style=\"text-align: justify;\">\nAtra\u00e7\u00f5es: Teatro, M\u00fasica e Poesia<\/div>\n<div style=\"text-align: justify;\">\nLocal: Museu da F\u00e1brica de Caro\u00e1<\/div>\n<div style=\"text-align: justify;\">\nHor\u00e1rio: 19h \u00e0s 21h<\/div>\n<p><\/p>\n<div style=\"background-color: white; border: 0px; margin-bottom: 1.5em; outline: 0px; padding: 0px; vertical-align: baseline;\">\n<\/div>\n<div style=\"text-align: justify;\">\n17 de Maio (Quinta-feira)<\/div>\n<div style=\"text-align: justify;\">\nAtra\u00e7\u00f5es: Teatro, M\u00fasica e Poesia<\/div>\n<div style=\"text-align: justify;\">\nLocal: Memorial da Cidade de Caruaru<\/div>\n<div style=\"text-align: justify;\">\nHor\u00e1rio: 19h \u00e0s 21h<\/div>\n<p><\/p>\n<div style=\"background-color: white; border: 0px; margin-bottom: 1.5em; outline: 0px; padding: 0px; vertical-align: baseline;\">\n<\/div>\n<div style=\"text-align: justify;\">\n22 de Maio (ter\u00e7a-feira)<\/div>\n<div style=\"text-align: justify;\">\nAtra\u00e7\u00f5es: Teatro, M\u00fasica e Poesia<\/div>\n<div style=\"text-align: justify;\">\nLocal: Casa de Cultura Jos\u00e9 Cond\u00e9<\/div>\n<div style=\"text-align: justify;\">\nHor\u00e1rio: 9h \u00e0s 11h<\/div>\n<p><\/p>\n<div style=\"background-color: white; border: 0px; margin-bottom: 1.5em; outline: 0px; padding: 0px; vertical-align: baseline;\">\n<\/div>\n<div style=\"text-align: justify;\">\n23 de Maio (Quarta -feira)<\/div>\n<div style=\"text-align: justify;\">\nAtra\u00e7\u00f5es: Teatro, M\u00fasica e Poesia<\/div>\n<div style=\"text-align: justify;\">\nLocal: Museu do Cordel<\/div>\n<div style=\"text-align: justify;\">\nHor\u00e1rio: 9h \u00e0s 11h<\/div>\n<p><\/p>\n<div style=\"background-color: white; border: 0px; margin-bottom: 1.5em; outline: 0px; padding: 0px; vertical-align: baseline;\">\n<\/div>\n<div style=\"text-align: justify;\">\n24 de Maio (Quinta-feira)<\/div>\n<div style=\"text-align: justify;\">\nAtra\u00e7\u00f5es: Teatro, M\u00fasica e Poesia<\/div>\n<div style=\"text-align: justify;\">\nLocal: Casa Museu Mestre Vitalino<\/div>\n<div style=\"text-align: justify;\">\nHor\u00e1rio: 19h \u00e0s 21h<\/div>\n<p><\/p>\n<div style=\"background-color: white; border: 0px; outline: 0px; padding: 0px; vertical-align: baseline;\">\n<\/div>\n<div style=\"text-align: justify;\">\n25 de Maio (Sexta-feira)<\/div>\n<div style=\"text-align: justify;\">\nAtra\u00e7\u00f5es: Teatro, M\u00fasica e Poesia<\/div>\n<div style=\"text-align: justify;\">\nLocal: Memorial Mestre Galdino<\/div>\n<div style=\"text-align: justify;\">\nHor\u00e1rio: 19h \u00e0s 21h<\/div>\n","protected":false},"excerpt":{"rendered":"<p>A Funda\u00e7\u00e3o de Cultura e Turismo de Caruaru, por meio da Ger\u00eancia de Pol\u00edticas Culturais e a Coordena\u00e7\u00e3o dos Museus,&hellip;<\/p>\n","protected":false},"author":1,"featured_media":0,"comment_status":"open","ping_status":"open","sticky":false,"template":"","format":"standard","meta":{"footnotes":""},"categories":[1],"tags":[2630,2,2631,380,6],"class_list":["post-2443","post","type-post","status-publish","format-standard","hentry","category-sem-categoria","tag-um-canto-para-o-conto-celebra-16a-semana-dos-museus-em-caruaru","tag-blog-do-edvaldo-magalhaes","tag-fundacao-de-cultura-e-turismo-de-caruaru","tag-nelson-barbalho","tag-noticias"],"_links":{"self":[{"href":"https:\/\/blogdoedvaldomagalhaes.com.br\/index.php\/wp-json\/wp\/v2\/posts\/2443","targetHints":{"allow":["GET"]}}],"collection":[{"href":"https:\/\/blogdoedvaldomagalhaes.com.br\/index.php\/wp-json\/wp\/v2\/posts"}],"about":[{"href":"https:\/\/blogdoedvaldomagalhaes.com.br\/index.php\/wp-json\/wp\/v2\/types\/post"}],"author":[{"embeddable":true,"href":"https:\/\/blogdoedvaldomagalhaes.com.br\/index.php\/wp-json\/wp\/v2\/users\/1"}],"replies":[{"embeddable":true,"href":"https:\/\/blogdoedvaldomagalhaes.com.br\/index.php\/wp-json\/wp\/v2\/comments?post=2443"}],"version-history":[{"count":1,"href":"https:\/\/blogdoedvaldomagalhaes.com.br\/index.php\/wp-json\/wp\/v2\/posts\/2443\/revisions"}],"predecessor-version":[{"id":30768,"href":"https:\/\/blogdoedvaldomagalhaes.com.br\/index.php\/wp-json\/wp\/v2\/posts\/2443\/revisions\/30768"}],"wp:attachment":[{"href":"https:\/\/blogdoedvaldomagalhaes.com.br\/index.php\/wp-json\/wp\/v2\/media?parent=2443"}],"wp:term":[{"taxonomy":"category","embeddable":true,"href":"https:\/\/blogdoedvaldomagalhaes.com.br\/index.php\/wp-json\/wp\/v2\/categories?post=2443"},{"taxonomy":"post_tag","embeddable":true,"href":"https:\/\/blogdoedvaldomagalhaes.com.br\/index.php\/wp-json\/wp\/v2\/tags?post=2443"}],"curies":[{"name":"wp","href":"https:\/\/api.w.org\/{rel}","templated":true}]}}