{"id":2442,"date":"2018-05-14T17:32:00","date_gmt":"2018-05-14T20:32:00","guid":{"rendered":"http:\/\/blogdoedvaldomagalhaes.com.br\/index.php\/2018\/05\/14\/confia-lista-de-convocados-da-selecao\/"},"modified":"2019-02-09T02:13:56","modified_gmt":"2019-02-09T04:13:56","slug":"confia-lista-de-convocados-da-selecao","status":"publish","type":"post","link":"https:\/\/blogdoedvaldomagalhaes.com.br\/index.php\/2018\/05\/14\/confia-lista-de-convocados-da-selecao\/","title":{"rendered":"Confira a lista de convocados da Sele\u00e7\u00e3o Brasileira para a Copa do Mundo"},"content":{"rendered":"<div class=\"separator\" style=\"clear: both; text-align: center;\">\n<a href=\"https:\/\/4.bp.blogspot.com\/-WsTiGQ_tEM0\/WvnIBqh2bPI\/AAAAAAAAxOk\/63j1DW2Za6Uvqj5RDYWiDcMo9ciudAZtwCLcBGAs\/s1600\/cbf.jpg\" imageanchor=\"1\" style=\"margin-left: 1em; margin-right: 1em;\"><img loading=\"lazy\" decoding=\"async\" border=\"0\" data-original-height=\"690\" data-original-width=\"1024\" height=\"430\" src=\"http:\/\/blogdoedvaldomagalhaes.com.br\/wp-content\/uploads\/2018\/05\/cbf.jpg\" width=\"640\" \/><\/a><\/div>\n<div class=\"separator\" style=\"clear: both; text-align: center;\">\nFoto: Pedro Martins\/Ag\u00eancia MoWa Press<\/div>\n<div style=\"text-align: justify;\">\n<b><br \/><\/b><\/div>\n<div style=\"text-align: justify;\">\n<b>Do site oficial da CBF<\/b><\/div>\n<div style=\"text-align: justify;\">\n<\/div>\n<div style=\"text-align: justify;\">\nO t\u00e9cnico Tite convocou os jogadores para a disputa da Copa do Mundo FIFA 2018 na tarde desta segunda-feira (14) na sede da CBF, na Barra da Tijuca, Zona Oeste do Rio de Janeiro (RJ). \u00danica equipe a disputar todas as edi\u00e7\u00f5es do torneio, a Sele\u00e7\u00e3o Brasileira vai para o Mundial em busca do sonhado hexacampeonato.&nbsp;<\/div>\n<div style=\"text-align: justify;\">\n<\/div>\n<div style=\"text-align: justify;\">\nO grupo se apresenta na Granja Comary, em Teres\u00f3polis (RJ), na pr\u00f3xima segunda-feira (21), e come\u00e7a a prepara\u00e7\u00e3o para a competi\u00e7\u00e3o. Os treinos v\u00e3o at\u00e9 o dia 26 e, no dia seguinte, os 23 jogadores embarcam para Londres, com o objetivo de adapta\u00e7\u00e3o ao clima e fuso-hor\u00e1rio, e treinam na capital inglesa at\u00e9 a a bola rolar para os amistosos preparat\u00f3rios.&nbsp; &nbsp;<\/div>\n<div style=\"text-align: justify;\">\n<\/div>\n<div style=\"text-align: justify;\">\nO selecionado far\u00e1 duas partidas antes do Mundial, diante de Cro\u00e1cia e \u00c1ustria. O duelo com os croatas ser\u00e1 no pr\u00f3ximo dia 3, em Liverpool, na Inglaterra, e o segundo confronto est\u00e1 marcado para o dia 10, em Viena, capital do pa\u00eds advers\u00e1rio. A Sele\u00e7\u00e3o Brasileira est\u00e1 no Grupo E da Copa do Mundo e far\u00e1 a estreia na competi\u00e7\u00e3o diante da Su\u00ed\u00e7a, no dia 17, em Rostov, \u00e0s 15h (de Bras\u00edlia).&nbsp;<\/div>\n<div style=\"text-align: justify;\">\n<\/div>\n<div style=\"text-align: justify;\">\n<b>Confira a lista:<\/b><\/div>\n<div style=\"text-align: justify;\">\n<\/div>\n<div style=\"text-align: justify;\">\nGOLEIROS:<\/div>\n<div style=\"text-align: justify;\">\nAlisson \u2013 AS Roma (ITA)<\/div>\n<div style=\"text-align: justify;\">\n<\/div>\n<div style=\"text-align: justify;\">\nC\u00e1ssio \u2013 Corinthians-SP<\/div>\n<div style=\"text-align: justify;\">\n<\/div>\n<div style=\"text-align: justify;\">\nEderson \u2013 Manchester City (ING)<\/div>\n<div style=\"text-align: justify;\">\n<\/div>\n<div style=\"text-align: justify;\">\nDEFENSORES:<\/div>\n<div style=\"text-align: justify;\">\n<\/div>\n<div style=\"text-align: justify;\">\nDanilo \u2013 Manchester City (ING)<\/div>\n<div style=\"text-align: justify;\">\n<\/div>\n<div style=\"text-align: justify;\">\nGeromel \u2013 Gr\u00eamio-RS<\/div>\n<div style=\"text-align: justify;\">\n<\/div>\n<div style=\"text-align: justify;\">\nFilipe Lu\u00eds \u2013 Atl\u00e9tico de Madrid (ESP)<\/div>\n<div style=\"text-align: justify;\">\n<\/div>\n<div style=\"text-align: justify;\">\nMarcelo \u2013 Real Madrid (ESP)<\/div>\n<div style=\"text-align: justify;\">\n<\/div>\n<div style=\"text-align: justify;\">\nMarquinhos \u2013 Paris Saint Germain (FRA)<\/div>\n<div style=\"text-align: justify;\">\n<\/div>\n<div style=\"text-align: justify;\">\nMiranda \u2013 Internazionale de Mil\u00e3o (ITA)<\/div>\n<div style=\"text-align: justify;\">\n<\/div>\n<div style=\"text-align: justify;\">\nFagner \u2013 Corinthians-SP<\/div>\n<div style=\"text-align: justify;\">\n<\/div>\n<div style=\"text-align: justify;\">\nThiago Silva \u2013 Paris Saint Germain (FRA)<\/div>\n<div style=\"text-align: justify;\">\n<\/div>\n<div style=\"text-align: justify;\">\nMEIO CAMPISTAS:<\/div>\n<div style=\"text-align: justify;\">\n<\/div>\n<div style=\"text-align: justify;\">\nCasemiro \u2013 Real Madrid (ESP)<\/div>\n<div style=\"text-align: justify;\">\n<\/div>\n<div style=\"text-align: justify;\">\nFernandinho \u2013 Manchester City (ING)<\/div>\n<div style=\"text-align: justify;\">\n<\/div>\n<div style=\"text-align: justify;\">\nFred \u2013 Shakhtar Donetsk (UCR)<\/div>\n<div style=\"text-align: justify;\">\n<\/div>\n<div style=\"text-align: justify;\">\nPaulinho \u2013 Barcelona (ESP)<\/div>\n<div style=\"text-align: justify;\">\n<\/div>\n<div style=\"text-align: justify;\">\nPhilippe Coutinho \u2013 Barcelona (ESP)<\/div>\n<div style=\"text-align: justify;\">\n<\/div>\n<div style=\"text-align: justify;\">\nRenato Augusto \u2013 Beijing Guoan (CHI)<\/div>\n<div style=\"text-align: justify;\">\n<\/div>\n<div style=\"text-align: justify;\">\nWillian \u2013 Chelsea (ING)<\/div>\n<div style=\"text-align: justify;\">\n<\/div>\n<div style=\"text-align: justify;\">\nATACANTES:<\/div>\n<div style=\"text-align: justify;\">\n<\/div>\n<div style=\"text-align: justify;\">\nDouglas Costa \u2013 Juventus (ITA)<\/div>\n<div style=\"text-align: justify;\">\n<\/div>\n<div style=\"text-align: justify;\">\nFirmino \u2013 Liverpool (ING)<\/div>\n<div style=\"text-align: justify;\">\n<\/div>\n<div style=\"text-align: justify;\">\nGabriel Jesus \u2013 Manchester City (ING)<\/div>\n<div style=\"text-align: justify;\">\n<\/div>\n<div style=\"text-align: justify;\">\nNeymar \u2013 Paris Saint Germain (FRA)<\/div>\n<div style=\"text-align: justify;\">\n<\/div>\n<div style=\"text-align: justify;\">\nTaison \u2013 Shakhtar Donetsk<\/div>\n","protected":false},"excerpt":{"rendered":"<p>Foto: Pedro Martins\/Ag\u00eancia MoWa Press Do site oficial da CBF O t\u00e9cnico Tite convocou os jogadores para a disputa da&hellip;<\/p>\n","protected":false},"author":1,"featured_media":0,"comment_status":"open","ping_status":"open","sticky":false,"template":"","format":"standard","meta":{"footnotes":""},"categories":[1],"tags":[2,2629,3],"class_list":["post-2442","post","type-post","status-publish","format-standard","hentry","category-sem-categoria","tag-blog-do-edvaldo-magalhaes","tag-confia-a-lista-de-convocados-da-selecao-brasileira-para-a-copa-do-mundo","tag-futebol"],"_links":{"self":[{"href":"https:\/\/blogdoedvaldomagalhaes.com.br\/index.php\/wp-json\/wp\/v2\/posts\/2442","targetHints":{"allow":["GET"]}}],"collection":[{"href":"https:\/\/blogdoedvaldomagalhaes.com.br\/index.php\/wp-json\/wp\/v2\/posts"}],"about":[{"href":"https:\/\/blogdoedvaldomagalhaes.com.br\/index.php\/wp-json\/wp\/v2\/types\/post"}],"author":[{"embeddable":true,"href":"https:\/\/blogdoedvaldomagalhaes.com.br\/index.php\/wp-json\/wp\/v2\/users\/1"}],"replies":[{"embeddable":true,"href":"https:\/\/blogdoedvaldomagalhaes.com.br\/index.php\/wp-json\/wp\/v2\/comments?post=2442"}],"version-history":[{"count":1,"href":"https:\/\/blogdoedvaldomagalhaes.com.br\/index.php\/wp-json\/wp\/v2\/posts\/2442\/revisions"}],"predecessor-version":[{"id":30770,"href":"https:\/\/blogdoedvaldomagalhaes.com.br\/index.php\/wp-json\/wp\/v2\/posts\/2442\/revisions\/30770"}],"wp:attachment":[{"href":"https:\/\/blogdoedvaldomagalhaes.com.br\/index.php\/wp-json\/wp\/v2\/media?parent=2442"}],"wp:term":[{"taxonomy":"category","embeddable":true,"href":"https:\/\/blogdoedvaldomagalhaes.com.br\/index.php\/wp-json\/wp\/v2\/categories?post=2442"},{"taxonomy":"post_tag","embeddable":true,"href":"https:\/\/blogdoedvaldomagalhaes.com.br\/index.php\/wp-json\/wp\/v2\/tags?post=2442"}],"curies":[{"name":"wp","href":"https:\/\/api.w.org\/{rel}","templated":true}]}}