{"id":2440,"date":"2018-05-14T21:23:00","date_gmt":"2018-05-15T00:23:00","guid":{"rendered":"http:\/\/blogdoedvaldomagalhaes.com.br\/index.php\/2018\/05\/14\/atleta-pede-rescisao-de-contrato-ao\/"},"modified":"2019-02-09T02:13:57","modified_gmt":"2019-02-09T04:13:57","slug":"atleta-pede-rescisao-de-contrato-ao","status":"publish","type":"post","link":"https:\/\/blogdoedvaldomagalhaes.com.br\/index.php\/2018\/05\/14\/atleta-pede-rescisao-de-contrato-ao\/","title":{"rendered":"Atleta pede rescis\u00e3o de contrato ao Central e vai para o Boa Esporte\/MG"},"content":{"rendered":"<div class=\"separator\" style=\"clear: both; text-align: center;\">\n<a href=\"https:\/\/3.bp.blogspot.com\/-xwc9_VHLmgY\/Wvn9b5o9TKI\/AAAAAAAAxRU\/WOPtjs-NSpQCJLjA6w02hKK4FXImB_OwACLcBGAs\/s1600\/valeu.jpg\" imageanchor=\"1\" style=\"margin-left: 1em; margin-right: 1em;\"><img loading=\"lazy\" decoding=\"async\" border=\"0\" data-original-height=\"1256\" data-original-width=\"1000\" height=\"640\" src=\"http:\/\/blogdoedvaldomagalhaes.com.br\/wp-content\/uploads\/2018\/05\/valeu.jpg\" width=\"508\" \/><\/a><\/div>\n<div style=\"background-color: white; border: 0px; color: #4b4b4b; font-family: &quot;Open Sans&quot;, sans-serif; font-size: 16px; margin-bottom: 1.5em; outline: 0px; padding: 0px; vertical-align: baseline;\">\n<\/div>\n<div style=\"background-color: white; margin-bottom: 6px; text-align: justify;\">\nO lateral-esquerdo Charles Macei\u00f3, que foi um dos destaques da Patativa no Campeonato Pernambucano 2018, pediu a rescis\u00e3o de contrato ao Central para defender o Boa Esporte-MG na S\u00e9rie B do Campeonato Brasileiro.<\/p>\n<\/div>\n<div style=\"background-color: white; margin-bottom: 6px; margin-top: 6px; text-align: justify;\">\nO clube agradece ao atleta pelos servi\u00e7os prestados e pelo empenho em vestir a camisa do maior do interior. O Central deseja sucesso e que em um futuro bem pr\u00f3ximo o mesmo volte a vestir a camisa do Glorioso.<\/p>\n<\/div>\n<div style=\"background-color: white; margin-bottom: 6px; margin-top: 6px; text-align: justify;\">\nO jogador foi liberado, pois existe em seu contrato uma cl\u00e1usula de propostas de S\u00e9ries A e B, assim como aconteceu.<\/p>\n<div style=\"text-align: justify;\">\nA semana ser\u00e1 dif\u00edcil. O resultado com o ASA foi p\u00e9ssimo para as pretens\u00f5es do Central no Brasileiro da S\u00e9rie D. Mas, enquanto houver chances o elenco, comiss\u00e3o t\u00e9cnica e diretoria v\u00e3o lutar para colocar o Alvinegro na pr\u00f3xima fase da competi\u00e7\u00e3o. A Patativa tem duas decis\u00f5es, a come\u00e7ar do confronto contra o Sergipe no pr\u00f3ximo s\u00e1bado (19), em Aracaju-SE, onde s\u00f3 a vit\u00f3ria interessa, e depois o \u00faltimo jogo da 1\u00aa fase em casa contra a Jacuipense.&nbsp;<\/div>\n<\/div>\n","protected":false},"excerpt":{"rendered":"<p>O lateral-esquerdo Charles Macei\u00f3, que foi um dos destaques da Patativa no Campeonato Pernambucano 2018, pediu a rescis\u00e3o de contrato&hellip;<\/p>\n","protected":false},"author":1,"featured_media":0,"comment_status":"open","ping_status":"open","sticky":false,"template":"","format":"standard","meta":{"footnotes":""},"categories":[1],"tags":[2627,2,3],"class_list":["post-2440","post","type-post","status-publish","format-standard","hentry","category-sem-categoria","tag-atleta-pede-rescisao-de-contrato-ao-central-e-vai-para-o-boa-esporte-mg","tag-blog-do-edvaldo-magalhaes","tag-futebol"],"_links":{"self":[{"href":"https:\/\/blogdoedvaldomagalhaes.com.br\/index.php\/wp-json\/wp\/v2\/posts\/2440","targetHints":{"allow":["GET"]}}],"collection":[{"href":"https:\/\/blogdoedvaldomagalhaes.com.br\/index.php\/wp-json\/wp\/v2\/posts"}],"about":[{"href":"https:\/\/blogdoedvaldomagalhaes.com.br\/index.php\/wp-json\/wp\/v2\/types\/post"}],"author":[{"embeddable":true,"href":"https:\/\/blogdoedvaldomagalhaes.com.br\/index.php\/wp-json\/wp\/v2\/users\/1"}],"replies":[{"embeddable":true,"href":"https:\/\/blogdoedvaldomagalhaes.com.br\/index.php\/wp-json\/wp\/v2\/comments?post=2440"}],"version-history":[{"count":1,"href":"https:\/\/blogdoedvaldomagalhaes.com.br\/index.php\/wp-json\/wp\/v2\/posts\/2440\/revisions"}],"predecessor-version":[{"id":30775,"href":"https:\/\/blogdoedvaldomagalhaes.com.br\/index.php\/wp-json\/wp\/v2\/posts\/2440\/revisions\/30775"}],"wp:attachment":[{"href":"https:\/\/blogdoedvaldomagalhaes.com.br\/index.php\/wp-json\/wp\/v2\/media?parent=2440"}],"wp:term":[{"taxonomy":"category","embeddable":true,"href":"https:\/\/blogdoedvaldomagalhaes.com.br\/index.php\/wp-json\/wp\/v2\/categories?post=2440"},{"taxonomy":"post_tag","embeddable":true,"href":"https:\/\/blogdoedvaldomagalhaes.com.br\/index.php\/wp-json\/wp\/v2\/tags?post=2440"}],"curies":[{"name":"wp","href":"https:\/\/api.w.org\/{rel}","templated":true}]}}