{"id":2439,"date":"2018-05-14T21:58:00","date_gmt":"2018-05-15T00:58:00","guid":{"rendered":"http:\/\/blogdoedvaldomagalhaes.com.br\/index.php\/2018\/05\/14\/5-edicao-da-semana-do-mecanico-acontece\/"},"modified":"2019-02-09T02:13:58","modified_gmt":"2019-02-09T04:13:58","slug":"5-edicao-da-semana-do-mecanico-acontece","status":"publish","type":"post","link":"https:\/\/blogdoedvaldomagalhaes.com.br\/index.php\/2018\/05\/14\/5-edicao-da-semana-do-mecanico-acontece\/","title":{"rendered":"5\u00aa edi\u00e7\u00e3o da Semana do Mec\u00e2nico acontece em Caruaru"},"content":{"rendered":"<div class=\"separator\" style=\"clear: both; text-align: center;\">\n<a href=\"http:\/\/blogdoedvaldomagalhaes.com.br\/wp-content\/uploads\/2018\/05\/semana.jpg\" imageanchor=\"1\" style=\"margin-left: 1em; margin-right: 1em;\"><img decoding=\"async\" border=\"0\" data-original-height=\"960\" data-original-width=\"676\" src=\"http:\/\/blogdoedvaldomagalhaes.com.br\/wp-content\/uploads\/2018\/05\/semana.jpg\" \/><\/a><\/div>\n<div class=\"_5pbx userContent _3576\" data-ft=\"{&quot;tn&quot;:&quot;K&quot;}\" id=\"js_5hg\" style=\"-webkit-text-stroke-width: 0px; background-color: white; color: #1d2129; font-family: Helvetica, Arial, sans-serif; font-size: 14px; font-style: normal; font-variant-caps: normal; font-variant-ligatures: normal; font-weight: 400; letter-spacing: normal; line-height: 1.38; margin-top: 6px; orphans: 2; text-align: start; text-decoration-color: initial; text-decoration-style: initial; text-indent: 0px; text-transform: none; white-space: normal; widows: 2; word-spacing: 0px;\">\n<div style=\"display: inline; font-family: inherit; margin: 0px;\">\n<\/div>\n<\/div>\n<div class=\"_5pbx userContent _3576\" data-ft=\"{&quot;tn&quot;:&quot;K&quot;}\" id=\"js_5hg\" style=\"background-color: white; line-height: 1.38; margin-top: 6px; text-align: justify; text-indent: 0px;\">\n<div style=\"display: inline; margin: 0px;\">\nEm comemora\u00e7\u00e3o \u00e0 Semana do Mec\u00e2nico, a Associa\u00e7\u00e3o dos Profissionais de Repara\u00e7\u00e3o Automotiva de Caruaru (Aspac), com apoio do SENAI Caruaru, Servi\u00e7o Brasileiro de Apoio \u00e0s Micro e Pequenas Empresas (Sebrae), Prefeitura de Caruaru e Sindicato da Ind\u00fastria de Repara\u00e7\u00e3o de Ve\u00edculos de Pernambuco (Sindirepa-PE) est\u00e1 promovendo palestras voltadas aos aos empres\u00e1rios e profissionais do segmento.&nbsp;O encontro acontece a partir desta segunda-feira (14) e se estender\u00e1 at\u00e9 quinta-feira (17), reunindo profissionais de cerca de 50 oficinas da cidade. As palestras acontecem no turno da noite na Escola T\u00e9cnica do Senai Caruaru. O presidente da Aspac, Ant\u00f4nio Manoel, conhecido carinhosamente por Caju, convida a todos para comparecerem.<\/p>\n<div class=\"separator\" style=\"clear: both; text-align: center;\">\n<a href=\"https:\/\/1.bp.blogspot.com\/--MektZ_1QR8\/WvoWk7er7gI\/AAAAAAAAxSA\/RD1_rEeQMpQkcWa0BSZkRML9eseKbCfCwCLcBGAs\/s1600\/alfa%2Bx.jpg\" imageanchor=\"1\" style=\"margin-left: 1em; margin-right: 1em;\"><img loading=\"lazy\" decoding=\"async\" border=\"0\" data-original-height=\"540\" data-original-width=\"1000\" height=\"344\" src=\"http:\/\/blogdoedvaldomagalhaes.com.br\/wp-content\/uploads\/2018\/05\/alfax.jpg\" width=\"640\" \/><\/a><\/div>\n<p>\nA abertura do evento tem a palestra O Avan\u00e7o do Condicionador de Metais, (Alfa X). A SAITO \u00e9 uma empresa especializada em lubrifica\u00e7\u00e3o, seu conhecimento te\u00f3rico e experi\u00eancia pr\u00e1tica, vem da atua\u00e7\u00e3o de mais de 40 anos acumulados de seus profissionais em empresas do todos os setores: siderurgia, minera\u00e7\u00e3o, qu\u00edmica, aliment\u00edcia, a\u00e7\u00facar e \u00e1lcool, montadoras, prestadores de servi\u00e7os, papel e celulose, transportadoras de cargas e passageiros, empreiteiras. Tem uma proposta que envolve um aumento expressivo de produ\u00e7\u00e3o, diminui\u00e7\u00e3o de at\u00e9 30% dos custos de manuten\u00e7\u00e3o, mais confiabilidade, qualidade, seguran\u00e7a e prote\u00e7\u00e3o ao meio ambiente. Transfer\u00eancia de conhecimento, sinergia e descomplica\u00e7\u00e3o.<\/p>\n<div class=\"separator\" style=\"clear: both; text-align: center;\">\n<a href=\"https:\/\/3.bp.blogspot.com\/-NEE0nBXySjI\/WvoWo9__K2I\/AAAAAAAAxSE\/kEB6-SPHDgU7LJ-ezQiPa_z1ZFcwy6FaACLcBGAs\/s1600\/alfa%2B1.jpg\" imageanchor=\"1\" style=\"margin-left: 1em; margin-right: 1em;\"><img loading=\"lazy\" decoding=\"async\" border=\"0\" data-original-height=\"540\" data-original-width=\"1000\" height=\"344\" src=\"http:\/\/blogdoedvaldomagalhaes.com.br\/wp-content\/uploads\/2018\/05\/alfa1.jpg\" width=\"640\" \/><\/a><\/div>\n<p>\n\u00c9 um condicionador de metais de \u00faltima gera\u00e7\u00e3o, que usa o lubrificante como meio e se transfere para as superf\u00edcies trabalhadas dos metais, de forma inteligente&nbsp; e cria uma barreira quase indestrut\u00edvel nos locais mais necessitados, evitando os contatos met\u00e1licos e os consequentes desgastes e quebras catastr\u00f3ficas. A barreira \u00e9 resistente \u00e0 \u00e1gua, s\u00f3lidos e temperatura. \u00c9 compat\u00edvel com todos os lubrificantes, \u00f3leos ou graxas; minerais, sint\u00e9ticos ou vegetais. Sua versatilidade permite o uso em quaisquer tipos de equipamentos: Automotivos, industriais, navais e a\u00e9reos.<\/p>\n<div class=\"separator\" style=\"clear: both; text-align: center;\">\n<a href=\"https:\/\/2.bp.blogspot.com\/-goc8xQ0a6AQ\/WvoWtfJljlI\/AAAAAAAAxSI\/aQ2E1andT7g2EW-fkaZjqCy85WH5kKpCQCLcBGAs\/s1600\/alfa%2B2.jpg\" imageanchor=\"1\" style=\"margin-left: 1em; margin-right: 1em;\"><img loading=\"lazy\" decoding=\"async\" border=\"0\" data-original-height=\"540\" data-original-width=\"1000\" height=\"344\" src=\"http:\/\/blogdoedvaldomagalhaes.com.br\/wp-content\/uploads\/2018\/05\/alfa2.jpg\" width=\"640\" \/><\/a><\/div>\n<p>\nALFA X &#8211; \u00c9 um condicionador de metais de \u00faltima gera\u00e7\u00e3o, que usa o lubrificante como meio e se transfere para as superf\u00edcies trabalhadas dos metais, de forma inteligente&nbsp; e cria uma barreira quase indestrut\u00edvel nos locais mais necessitados, evitando os contatos met\u00e1licos e os consequentes desgastes e quebras catastr\u00f3ficas. A barreira \u00e9 resistente \u00e0 \u00e1gua, s\u00f3lidos e temperatura. \u00c9 compat\u00edvel com todos os lubrificantes, \u00f3leos ou graxas; minerais, sint\u00e9ticos ou vegetais.&nbsp;Sua versatilidade permite o uso em quaisquer tipos de equipamentos: Automotivos, industriais, navais e a\u00e9reos.<\/p>\n<p>Ou\u00e7a a entrevista do diretor t\u00e9cnico da Saito Tecnologia, Ant\u00f4nio Saito:&nbsp;<\/p>\n<\/div>\n<\/div>\n<p><iframe loading=\"lazy\" allow=\"autoplay\" frameborder=\"no\" height=\"166\" scrolling=\"no\" src=\"https:\/\/w.soundcloud.com\/player\/?url=https%3A\/\/api.soundcloud.com\/tracks\/444087177&amp;color=%23ff5500&amp;auto_play=true&amp;hide_related=false&amp;show_comments=true&amp;show_user=true&amp;show_reposts=false&amp;show_teaser=true\" width=\"100%\"><\/iframe><\/p>\n","protected":false},"excerpt":{"rendered":"<p>Em comemora\u00e7\u00e3o \u00e0 Semana do Mec\u00e2nico, a Associa\u00e7\u00e3o dos Profissionais de Repara\u00e7\u00e3o Automotiva de Caruaru (Aspac), com apoio do SENAI&hellip;<\/p>\n","protected":false},"author":1,"featured_media":0,"comment_status":"open","ping_status":"open","sticky":false,"template":"","format":"standard","meta":{"footnotes":""},"categories":[1],"tags":[2626,2,6],"class_list":["post-2439","post","type-post","status-publish","format-standard","hentry","category-sem-categoria","tag-5a-edicao-da-semana-do-mecanico-acontece-em-caruaru","tag-blog-do-edvaldo-magalhaes","tag-noticias"],"_links":{"self":[{"href":"https:\/\/blogdoedvaldomagalhaes.com.br\/index.php\/wp-json\/wp\/v2\/posts\/2439","targetHints":{"allow":["GET"]}}],"collection":[{"href":"https:\/\/blogdoedvaldomagalhaes.com.br\/index.php\/wp-json\/wp\/v2\/posts"}],"about":[{"href":"https:\/\/blogdoedvaldomagalhaes.com.br\/index.php\/wp-json\/wp\/v2\/types\/post"}],"author":[{"embeddable":true,"href":"https:\/\/blogdoedvaldomagalhaes.com.br\/index.php\/wp-json\/wp\/v2\/users\/1"}],"replies":[{"embeddable":true,"href":"https:\/\/blogdoedvaldomagalhaes.com.br\/index.php\/wp-json\/wp\/v2\/comments?post=2439"}],"version-history":[{"count":1,"href":"https:\/\/blogdoedvaldomagalhaes.com.br\/index.php\/wp-json\/wp\/v2\/posts\/2439\/revisions"}],"predecessor-version":[{"id":30780,"href":"https:\/\/blogdoedvaldomagalhaes.com.br\/index.php\/wp-json\/wp\/v2\/posts\/2439\/revisions\/30780"}],"wp:attachment":[{"href":"https:\/\/blogdoedvaldomagalhaes.com.br\/index.php\/wp-json\/wp\/v2\/media?parent=2439"}],"wp:term":[{"taxonomy":"category","embeddable":true,"href":"https:\/\/blogdoedvaldomagalhaes.com.br\/index.php\/wp-json\/wp\/v2\/categories?post=2439"},{"taxonomy":"post_tag","embeddable":true,"href":"https:\/\/blogdoedvaldomagalhaes.com.br\/index.php\/wp-json\/wp\/v2\/tags?post=2439"}],"curies":[{"name":"wp","href":"https:\/\/api.w.org\/{rel}","templated":true}]}}