{"id":2436,"date":"2018-05-15T10:39:00","date_gmt":"2018-05-15T13:39:00","guid":{"rendered":"http:\/\/blogdoedvaldomagalhaes.com.br\/index.php\/2018\/05\/15\/operacao-da-policia-civil-desarticula\/"},"modified":"2019-02-09T02:14:04","modified_gmt":"2019-02-09T04:14:04","slug":"operacao-da-policia-civil-desarticula","status":"publish","type":"post","link":"https:\/\/blogdoedvaldomagalhaes.com.br\/index.php\/2018\/05\/15\/operacao-da-policia-civil-desarticula\/","title":{"rendered":"Opera\u00e7\u00e3o da Pol\u00edcia Civil desarticula organiza\u00e7\u00e3o criminosa voltada para cartel em combust\u00edvel"},"content":{"rendered":"<div class=\"separator\" style=\"clear: both; text-align: center;\">\n<a href=\"https:\/\/1.bp.blogspot.com\/-Pt13DdZGkTE\/Wvq4y13jLCI\/AAAAAAAAxTQ\/ddevhRUXTs421pbFhRfzKpqJw6qXE4-lACLcBGAs\/s1600\/pc.jpg\" imageanchor=\"1\" style=\"margin-left: 1em; margin-right: 1em;\"><img loading=\"lazy\" decoding=\"async\" border=\"0\" data-original-height=\"360\" data-original-width=\"640\" height=\"360\" src=\"http:\/\/blogdoedvaldomagalhaes.com.br\/wp-content\/uploads\/2018\/05\/pc-1.jpg\" width=\"640\" \/><\/a><\/div>\n<div class=\"separator\" style=\"clear: both; text-align: center;\">\nFoto ilustrativa<\/div>\n<div style=\"background-color: white; box-sizing: border-box; line-height: 24px; margin-bottom: 10px; text-align: justify;\">\n<\/div>\n<div style=\"background-color: white; box-sizing: border-box; line-height: 24px; margin-bottom: 10px; text-align: justify;\">\nA Pol\u00edcia Civil desencadeou, na manh\u00e3 desta ter\u00e7a-feira (15), a Opera\u00e7\u00e3o \u201cFunil\u201d com o objetivo de desarticular uma organiza\u00e7\u00e3o criminosa com atua\u00e7\u00e3o no Recife e Regi\u00e3o Metropolitana, al\u00e9m de diversos munic\u00edpios do Estado, voltada para a pr\u00e1tica do crime de cartel no seguimento de combust\u00edveis. As investiga\u00e7\u00f5es foram iniciadas no m\u00eas de julho de 2017.<\/div>\n<div style=\"background-color: white; box-sizing: border-box; line-height: 24px; margin-bottom: 10px; text-align: justify;\">\nA a\u00e7\u00e3o tem por objetivo cumprimento de tr\u00eas mandados de pris\u00e3o preventiva e 27 mandados de busca e apreens\u00e3o em domic\u00edlios e estabelecimentos comerciais. Mais de 160 policiais participam da opera\u00e7\u00e3o.<\/div>\n","protected":false},"excerpt":{"rendered":"<p>Foto ilustrativa A Pol\u00edcia Civil desencadeou, na manh\u00e3 desta ter\u00e7a-feira (15), a Opera\u00e7\u00e3o \u201cFunil\u201d com o objetivo de desarticular uma&hellip;<\/p>\n","protected":false},"author":1,"featured_media":0,"comment_status":"open","ping_status":"open","sticky":false,"template":"","format":"standard","meta":{"footnotes":""},"categories":[1],"tags":[2,2623,13],"class_list":["post-2436","post","type-post","status-publish","format-standard","hentry","category-sem-categoria","tag-blog-do-edvaldo-magalhaes","tag-operacao-da-policia-civil-desarticula-organizacao-criminosa-voltada-para-cartel-em-combustivel","tag-policial"],"_links":{"self":[{"href":"https:\/\/blogdoedvaldomagalhaes.com.br\/index.php\/wp-json\/wp\/v2\/posts\/2436","targetHints":{"allow":["GET"]}}],"collection":[{"href":"https:\/\/blogdoedvaldomagalhaes.com.br\/index.php\/wp-json\/wp\/v2\/posts"}],"about":[{"href":"https:\/\/blogdoedvaldomagalhaes.com.br\/index.php\/wp-json\/wp\/v2\/types\/post"}],"author":[{"embeddable":true,"href":"https:\/\/blogdoedvaldomagalhaes.com.br\/index.php\/wp-json\/wp\/v2\/users\/1"}],"replies":[{"embeddable":true,"href":"https:\/\/blogdoedvaldomagalhaes.com.br\/index.php\/wp-json\/wp\/v2\/comments?post=2436"}],"version-history":[{"count":1,"href":"https:\/\/blogdoedvaldomagalhaes.com.br\/index.php\/wp-json\/wp\/v2\/posts\/2436\/revisions"}],"predecessor-version":[{"id":30786,"href":"https:\/\/blogdoedvaldomagalhaes.com.br\/index.php\/wp-json\/wp\/v2\/posts\/2436\/revisions\/30786"}],"wp:attachment":[{"href":"https:\/\/blogdoedvaldomagalhaes.com.br\/index.php\/wp-json\/wp\/v2\/media?parent=2436"}],"wp:term":[{"taxonomy":"category","embeddable":true,"href":"https:\/\/blogdoedvaldomagalhaes.com.br\/index.php\/wp-json\/wp\/v2\/categories?post=2436"},{"taxonomy":"post_tag","embeddable":true,"href":"https:\/\/blogdoedvaldomagalhaes.com.br\/index.php\/wp-json\/wp\/v2\/tags?post=2436"}],"curies":[{"name":"wp","href":"https:\/\/api.w.org\/{rel}","templated":true}]}}