{"id":2435,"date":"2018-05-15T11:56:00","date_gmt":"2018-05-15T14:56:00","guid":{"rendered":"http:\/\/blogdoedvaldomagalhaes.com.br\/index.php\/2018\/05\/15\/nota-de-esclarecimento-sobre-montage\/"},"modified":"2019-02-09T02:14:04","modified_gmt":"2019-02-09T04:14:04","slug":"nota-de-esclarecimento-sobre-montage","status":"publish","type":"post","link":"https:\/\/blogdoedvaldomagalhaes.com.br\/index.php\/2018\/05\/15\/nota-de-esclarecimento-sobre-montage\/","title":{"rendered":"Nota de Esclarecimento sobre a montagem da estrutura do S\u00e3o Jo\u00e3o 2018 de Caruaru"},"content":{"rendered":"<div class=\"separator\" style=\"clear: both; text-align: center;\">\n<\/div>\n<div class=\"separator\" style=\"clear: both; text-align: center;\">\n<a href=\"https:\/\/1.bp.blogspot.com\/-1sFZqpDTm3Y\/WvrKGjtKiOI\/AAAAAAAAxTg\/txKjDnO57J8ede_X0K5ufTcZjbzLwCoNgCEwYBhgL\/s1600\/images.jpg\" imageanchor=\"1\" style=\"margin-left: 1em; margin-right: 1em;\"><img loading=\"lazy\" decoding=\"async\" border=\"0\" data-original-height=\"277\" data-original-width=\"531\" height=\"332\" src=\"http:\/\/blogdoedvaldomagalhaes.com.br\/wp-content\/uploads\/2018\/05\/images.jpg\" width=\"640\" \/><\/a><\/div>\n<div class=\"separator\" style=\"clear: both; text-align: center;\">\n<\/div>\n<div style=\"text-align: justify;\">\nA Prefeitura de Caruaru informa que n\u00e3o foi notificada pelo MTE e reserva-se ao direito de s\u00f3 se manifestar ap\u00f3s tomar conhecimento oficialmente sobre a suposta interdi\u00e7\u00e3o.&nbsp;<\/div>\n<div style=\"text-align: justify;\">\n<\/div>\n<div style=\"text-align: justify;\">\nA gest\u00e3o salienta, de antem\u00e3o, que todas as empresas respons\u00e1veis pela instala\u00e7\u00e3o da estrutura met\u00e1lica foram selecionadas por meio de processo de licita\u00e7\u00e3o p\u00fablica, que exigiu das licitantes toda a documenta\u00e7\u00e3o t\u00e9cnica que versa sobre o objeto da contrata\u00e7\u00e3o, a qual obriga o cumprimento total de todas as regras expostas no edital.<\/div>\n","protected":false},"excerpt":{"rendered":"<p>A Prefeitura de Caruaru informa que n\u00e3o foi notificada pelo MTE e reserva-se ao direito de s\u00f3 se manifestar ap\u00f3s&hellip;<\/p>\n","protected":false},"author":1,"featured_media":0,"comment_status":"open","ping_status":"open","sticky":false,"template":"","format":"standard","meta":{"footnotes":""},"categories":[1],"tags":[2,2622,6],"class_list":["post-2435","post","type-post","status-publish","format-standard","hentry","category-sem-categoria","tag-blog-do-edvaldo-magalhaes","tag-nota-de-esclarecimento-sobre-a-montagem-da-estrutura-do-sao-joao-2018-de-caruaru","tag-noticias"],"_links":{"self":[{"href":"https:\/\/blogdoedvaldomagalhaes.com.br\/index.php\/wp-json\/wp\/v2\/posts\/2435","targetHints":{"allow":["GET"]}}],"collection":[{"href":"https:\/\/blogdoedvaldomagalhaes.com.br\/index.php\/wp-json\/wp\/v2\/posts"}],"about":[{"href":"https:\/\/blogdoedvaldomagalhaes.com.br\/index.php\/wp-json\/wp\/v2\/types\/post"}],"author":[{"embeddable":true,"href":"https:\/\/blogdoedvaldomagalhaes.com.br\/index.php\/wp-json\/wp\/v2\/users\/1"}],"replies":[{"embeddable":true,"href":"https:\/\/blogdoedvaldomagalhaes.com.br\/index.php\/wp-json\/wp\/v2\/comments?post=2435"}],"version-history":[{"count":1,"href":"https:\/\/blogdoedvaldomagalhaes.com.br\/index.php\/wp-json\/wp\/v2\/posts\/2435\/revisions"}],"predecessor-version":[{"id":30788,"href":"https:\/\/blogdoedvaldomagalhaes.com.br\/index.php\/wp-json\/wp\/v2\/posts\/2435\/revisions\/30788"}],"wp:attachment":[{"href":"https:\/\/blogdoedvaldomagalhaes.com.br\/index.php\/wp-json\/wp\/v2\/media?parent=2435"}],"wp:term":[{"taxonomy":"category","embeddable":true,"href":"https:\/\/blogdoedvaldomagalhaes.com.br\/index.php\/wp-json\/wp\/v2\/categories?post=2435"},{"taxonomy":"post_tag","embeddable":true,"href":"https:\/\/blogdoedvaldomagalhaes.com.br\/index.php\/wp-json\/wp\/v2\/tags?post=2435"}],"curies":[{"name":"wp","href":"https:\/\/api.w.org\/{rel}","templated":true}]}}