{"id":2434,"date":"2018-05-15T13:07:00","date_gmt":"2018-05-15T16:07:00","guid":{"rendered":"http:\/\/blogdoedvaldomagalhaes.com.br\/index.php\/2018\/05\/15\/preso-acusado-de-trafico-de-drogas-co\/"},"modified":"2019-02-09T02:14:04","modified_gmt":"2019-02-09T04:14:04","slug":"preso-acusado-de-trafico-de-drogas-co","status":"publish","type":"post","link":"https:\/\/blogdoedvaldomagalhaes.com.br\/index.php\/2018\/05\/15\/preso-acusado-de-trafico-de-drogas-co\/","title":{"rendered":"Preso acusado de tr\u00e1fico de drogas com arma de fogo em Caruaru"},"content":{"rendered":"<div class=\"separator\" style=\"clear: both; text-align: center;\">\n<a href=\"https:\/\/4.bp.blogspot.com\/-iHiYLRosJdM\/WvranEA1YiI\/AAAAAAAAxT0\/p2DJ_gbT5jEBfVnNYHZYsE2qpBTO1l0cwCLcBGAs\/s1600\/IMG-20180515-WA0044.jpg\" imageanchor=\"1\" style=\"margin-left: 1em; margin-right: 1em;\"><img loading=\"lazy\" decoding=\"async\" border=\"0\" data-original-height=\"720\" data-original-width=\"1280\" height=\"360\" src=\"http:\/\/blogdoedvaldomagalhaes.com.br\/wp-content\/uploads\/2018\/05\/IMG-20180515-WA0044.jpg\" width=\"640\" \/><\/a><\/div>\n<div class=\"separator\" style=\"clear: both; text-align: justify;\">\n<\/div>\n<div class=\"separator\" style=\"clear: both; text-align: justify;\">\nGuarni\u00e7\u00f5es especiais do 1\u00b0 BIEsp receberam informa\u00e7\u00f5es de populares que<br \/>\nno bairro de Santa Rosa, em Caruaru, estaria ocorrendo um intenso tr\u00e1fico de<br \/>\ndrogas. De posse das informa\u00e7\u00f5es e caracter\u00edsticas o efetivo foi at\u00e9 o local e<br \/>\nlogrou \u00eaxito na pris\u00e3o de Wendel da Silva, que confessou ter ocultado um rev\u00f3lver calibre 38, com 03 muni\u00e7\u00f5es por tr\u00e1s da bacia sanit\u00e1ria.&nbsp;<\/div>\n<div class=\"separator\" style=\"clear: both; text-align: justify;\">\n<\/div>\n<div class=\"separator\" style=\"clear: both; text-align: justify;\">\nEm<br \/>\ndilig\u00eancias cont\u00ednuas foram encontradas na resid\u00eancia cerca de 22 big bigs de<br \/>\nmaconha, 03 quilos de uma subst\u00e2ncia an\u00e1loga a coca\u00edna, al\u00e9m de uma<br \/>\nbalan\u00e7a de precis\u00e3o. Diante dos fatos o indiv\u00edduo foi conduzido,<br \/>\njuntamente com todo material apreendido, at\u00e9 a DPC de Caruaru, onde foi autuado<br \/>\nem flagrante pelos crimes de tr\u00e1fico e posse ilegal de arma de fogo.<\/div>\n<ul type=\"disc\">\n<li class=\"MsoNormal\" style=\"line-height: normal; text-align: justify;\">Material<br \/>\n     apreendido:<\/li>\n<li class=\"MsoNormal\" style=\"line-height: normal; text-align: justify;\">&nbsp;01<br \/>\n     rev\u00f3lver cal. 38<\/li>\n<li class=\"MsoNormal\" style=\"line-height: normal; text-align: justify;\">03<br \/>\n     muni\u00e7\u00f5es cal.38<\/li>\n<li class=\"MsoNormal\" style=\"line-height: normal; text-align: justify;\">22<br \/>\n     bigs de maconha<\/li>\n<li class=\"MsoNormal\" style=\"line-height: normal; text-align: justify;\">3kg<br \/>\n     de subst\u00e2ncia an\u00e1loga \u00e0 coca\u00edna<\/li>\n<\/ul>\n<ul>\n<\/ul>\n","protected":false},"excerpt":{"rendered":"<p>Guarni\u00e7\u00f5es especiais do 1\u00b0 BIEsp receberam informa\u00e7\u00f5es de populares que no bairro de Santa Rosa, em Caruaru, estaria ocorrendo um&hellip;<\/p>\n","protected":false},"author":1,"featured_media":0,"comment_status":"open","ping_status":"open","sticky":false,"template":"","format":"standard","meta":{"footnotes":""},"categories":[1],"tags":[2,13,2621],"class_list":["post-2434","post","type-post","status-publish","format-standard","hentry","category-sem-categoria","tag-blog-do-edvaldo-magalhaes","tag-policial","tag-preso-acusado-de-trafico-de-drogas-com-arma-de-fogo-em-caruaru"],"_links":{"self":[{"href":"https:\/\/blogdoedvaldomagalhaes.com.br\/index.php\/wp-json\/wp\/v2\/posts\/2434","targetHints":{"allow":["GET"]}}],"collection":[{"href":"https:\/\/blogdoedvaldomagalhaes.com.br\/index.php\/wp-json\/wp\/v2\/posts"}],"about":[{"href":"https:\/\/blogdoedvaldomagalhaes.com.br\/index.php\/wp-json\/wp\/v2\/types\/post"}],"author":[{"embeddable":true,"href":"https:\/\/blogdoedvaldomagalhaes.com.br\/index.php\/wp-json\/wp\/v2\/users\/1"}],"replies":[{"embeddable":true,"href":"https:\/\/blogdoedvaldomagalhaes.com.br\/index.php\/wp-json\/wp\/v2\/comments?post=2434"}],"version-history":[{"count":1,"href":"https:\/\/blogdoedvaldomagalhaes.com.br\/index.php\/wp-json\/wp\/v2\/posts\/2434\/revisions"}],"predecessor-version":[{"id":30790,"href":"https:\/\/blogdoedvaldomagalhaes.com.br\/index.php\/wp-json\/wp\/v2\/posts\/2434\/revisions\/30790"}],"wp:attachment":[{"href":"https:\/\/blogdoedvaldomagalhaes.com.br\/index.php\/wp-json\/wp\/v2\/media?parent=2434"}],"wp:term":[{"taxonomy":"category","embeddable":true,"href":"https:\/\/blogdoedvaldomagalhaes.com.br\/index.php\/wp-json\/wp\/v2\/categories?post=2434"},{"taxonomy":"post_tag","embeddable":true,"href":"https:\/\/blogdoedvaldomagalhaes.com.br\/index.php\/wp-json\/wp\/v2\/tags?post=2434"}],"curies":[{"name":"wp","href":"https:\/\/api.w.org\/{rel}","templated":true}]}}