{"id":2433,"date":"2018-05-15T13:28:00","date_gmt":"2018-05-15T16:28:00","guid":{"rendered":"http:\/\/blogdoedvaldomagalhaes.com.br\/index.php\/2018\/05\/15\/feira-da-sulanca-da-fundac-tem-primeira\/"},"modified":"2019-02-09T02:14:05","modified_gmt":"2019-02-09T04:14:05","slug":"feira-da-sulanca-da-fundac-tem-primeira","status":"publish","type":"post","link":"https:\/\/blogdoedvaldomagalhaes.com.br\/index.php\/2018\/05\/15\/feira-da-sulanca-da-fundac-tem-primeira\/","title":{"rendered":"Feira da Sulanca da Fundac tem a primeira etapa conclu\u00edda"},"content":{"rendered":"<div class=\"separator\" style=\"clear: both; text-align: center;\">\n<a href=\"https:\/\/1.bp.blogspot.com\/-9dhvkwG6EdI\/WvrgJ117dbI\/AAAAAAAAxUE\/7i6FpPH9VrgAXW1Vu1-Ec-6bCQnJyH66QCLcBGAs\/s1600\/20180515_101212.jpg\" imageanchor=\"1\" style=\"margin-left: 1em; margin-right: 1em;\"><img loading=\"lazy\" decoding=\"async\" border=\"0\" data-original-height=\"900\" data-original-width=\"1600\" height=\"360\" src=\"http:\/\/blogdoedvaldomagalhaes.com.br\/wp-content\/uploads\/2018\/05\/20180515_101212.jpg\" width=\"640\" \/><\/a><\/div>\n<p>\n<b>De Wagner Gil<\/b><\/p>\n<div style=\"text-align: justify;\">\nNesta ter\u00e7a-feira (15), o Grupo Royal Brasil e a Torres &amp; Nobrega Imobili\u00e1ria entregar\u00e3o a primeira etapa da reestrutura\u00e7\u00e3o da Feira da Sulanca, parte que funciona no antigo terreno da Fundac. Ao todo, ser\u00e3o entregues 290 m\u00f3dulos com 14 bancos cada, que possibilitar\u00e3o mais espa\u00e7o e conforto para cerca de 8 mil feirantes.<\/div>\n<div style=\"text-align: justify;\">\n<\/div>\n<div style=\"text-align: justify;\">\nDe acordo com o empres\u00e1rio Lenilson Torres, um dos s\u00f3cios do local, ser\u00e3o entregues cerca de 60% da \u00e1rea total que tem mais de 80 mil m\u00b2, incluindo banheiros climatizados, pra\u00e7as de alimenta\u00e7\u00e3o e estacionamento.<\/div>\n<div style=\"text-align: justify;\">\n<\/div>\n<div style=\"text-align: justify;\">\n\u201cQuando reassumimos o terreno, assinamos um contrato com a prefeitura em manter a \u00e1rea destinada para a Feira da Sulanca e fazer melhoramentos fundamentais. Diante disso, n\u00f3s vamos dispor de mais de 2 mil vagas de estacionamento, mais de 5 mil bancos para comercializa\u00e7\u00e3o e duas pra\u00e7as de alimenta\u00e7\u00e3o com capacidade para atender cerca de 400 pessoas cada. A prefeitura exigiu que n\u00e3o tivesse nenhum custo para os feirantes e n\u00f3s estamos cumprindo isso \u00e0 risca, como tamb\u00e9m obedecendo ao projeto elaborado por ela\u201d, informou.<\/div>\n<div style=\"text-align: justify;\">\n<\/div>\n<div style=\"text-align: justify;\">\nAl\u00e9m da prefeitura, a obra \u00e9 acompanhada pela Associa\u00e7\u00e3o dos Sulanqueiros, presidida por Pedro Moura. \u201cN\u00f3s fizemos algumas solicita\u00e7\u00f5es que n\u00e3o estavam previstas no projeto para atender as demandas da Associa\u00e7\u00e3o. Realmente estamos satisfeitos com o andamento dessa obra, muito r\u00e1pida e atendendo as necessidades dos feirantes e compradores\u201d, afirmou Pedro.<\/div>\n<div style=\"text-align: justify;\">\n<\/div>\n<div style=\"text-align: justify;\">\nVisitas \u00e0 obra s\u00e3o constantes, recentemente a prefeita Raquel Lyra esteve no local e gostou do andamento dos trabalhos, que garantem seguran\u00e7a, conforto e qualidade para quem compra e vende. O secret\u00e1rio extraordin\u00e1rio da Feira, Jos\u00e9 Pereira, tamb\u00e9m acompanha a obra e elogia o comprometimento do empres\u00e1rio Lenilson Torres.<\/div>\n","protected":false},"excerpt":{"rendered":"<p>De Wagner Gil Nesta ter\u00e7a-feira (15), o Grupo Royal Brasil e a Torres &amp; Nobrega Imobili\u00e1ria entregar\u00e3o a primeira etapa&hellip;<\/p>\n","protected":false},"author":1,"featured_media":0,"comment_status":"open","ping_status":"open","sticky":false,"template":"","format":"standard","meta":{"footnotes":""},"categories":[1],"tags":[2,2620,6],"class_list":["post-2433","post","type-post","status-publish","format-standard","hentry","category-sem-categoria","tag-blog-do-edvaldo-magalhaes","tag-feira-da-sulanca-da-fundac-tem-a-primeira-etapa-concluida","tag-noticias"],"_links":{"self":[{"href":"https:\/\/blogdoedvaldomagalhaes.com.br\/index.php\/wp-json\/wp\/v2\/posts\/2433","targetHints":{"allow":["GET"]}}],"collection":[{"href":"https:\/\/blogdoedvaldomagalhaes.com.br\/index.php\/wp-json\/wp\/v2\/posts"}],"about":[{"href":"https:\/\/blogdoedvaldomagalhaes.com.br\/index.php\/wp-json\/wp\/v2\/types\/post"}],"author":[{"embeddable":true,"href":"https:\/\/blogdoedvaldomagalhaes.com.br\/index.php\/wp-json\/wp\/v2\/users\/1"}],"replies":[{"embeddable":true,"href":"https:\/\/blogdoedvaldomagalhaes.com.br\/index.php\/wp-json\/wp\/v2\/comments?post=2433"}],"version-history":[{"count":1,"href":"https:\/\/blogdoedvaldomagalhaes.com.br\/index.php\/wp-json\/wp\/v2\/posts\/2433\/revisions"}],"predecessor-version":[{"id":30792,"href":"https:\/\/blogdoedvaldomagalhaes.com.br\/index.php\/wp-json\/wp\/v2\/posts\/2433\/revisions\/30792"}],"wp:attachment":[{"href":"https:\/\/blogdoedvaldomagalhaes.com.br\/index.php\/wp-json\/wp\/v2\/media?parent=2433"}],"wp:term":[{"taxonomy":"category","embeddable":true,"href":"https:\/\/blogdoedvaldomagalhaes.com.br\/index.php\/wp-json\/wp\/v2\/categories?post=2433"},{"taxonomy":"post_tag","embeddable":true,"href":"https:\/\/blogdoedvaldomagalhaes.com.br\/index.php\/wp-json\/wp\/v2\/tags?post=2433"}],"curies":[{"name":"wp","href":"https:\/\/api.w.org\/{rel}","templated":true}]}}