{"id":2431,"date":"2018-05-15T23:30:00","date_gmt":"2018-05-16T02:30:00","guid":{"rendered":"http:\/\/blogdoedvaldomagalhaes.com.br\/index.php\/2018\/05\/15\/centro-pop-de-caruaru-celebrou-nesta\/"},"modified":"2019-02-09T02:14:06","modified_gmt":"2019-02-09T04:14:06","slug":"centro-pop-de-caruaru-celebrou-nesta","status":"publish","type":"post","link":"https:\/\/blogdoedvaldomagalhaes.com.br\/index.php\/2018\/05\/15\/centro-pop-de-caruaru-celebrou-nesta\/","title":{"rendered":"Centro Pop de Caruaru celebrou nesta ter\u00e7a-feira (15) sete anos de funcionamento"},"content":{"rendered":"<div class=\"separator\" style=\"clear: both; text-align: center;\">\n<a href=\"https:\/\/4.bp.blogspot.com\/-_vkmNgIRfR0\/Wvts38Q3m1I\/AAAAAAAAxWw\/2SeN43ECtrMTJO2zYZySJFbbIrtbU-cgQCLcBGAs\/s1600\/centro%2B1.JPG\" imageanchor=\"1\" style=\"margin-left: 1em; margin-right: 1em;\"><img loading=\"lazy\" decoding=\"async\" border=\"0\" data-original-height=\"1065\" data-original-width=\"1600\" height=\"424\" src=\"http:\/\/blogdoedvaldomagalhaes.com.br\/wp-content\/uploads\/2018\/05\/centro1.jpg\" width=\"640\" \/><\/a><\/div>\n<div style=\"text-align: justify;\">\n<\/div>\n<div style=\"text-align: justify;\">\nNesta ter\u00e7a-feira (15) o Centro de Refer\u00eancia Especializado para Popula\u00e7\u00e3o em Situa\u00e7\u00e3o de Rua de Caruaru, mais conhecido como Centro Pop, comemorou sete anos de funcionamento. A data foi celebrada com uma programa\u00e7\u00e3o especial para os usu\u00e1rios e contou com atividades recreativas, a\u00e7\u00f5es de sa\u00fade e um ato ecum\u00eanico. A Prefeitura de Caruaru est\u00e1 \u00e0 frente da administra\u00e7\u00e3o do servi\u00e7o no munic\u00edpio, atrav\u00e9s de Secretaria de Desenvolvimento Social e Direitos Humanos.<\/div>\n<div style=\"text-align: justify;\">\n<\/div>\n<div class=\"separator\" style=\"clear: both; text-align: center;\">\n<a href=\"https:\/\/1.bp.blogspot.com\/-9jB2Br-3FuI\/WvttLsmIl-I\/AAAAAAAAxW4\/YfyL5OJILgo24C8aYiYaC2MNba8XdvRtwCLcBGAs\/s1600\/centro%2B2.JPG\" imageanchor=\"1\" style=\"margin-left: 1em; margin-right: 1em;\"><img loading=\"lazy\" decoding=\"async\" border=\"0\" data-original-height=\"1065\" data-original-width=\"1600\" height=\"424\" src=\"http:\/\/blogdoedvaldomagalhaes.com.br\/wp-content\/uploads\/2018\/05\/centro2.jpg\" width=\"640\" \/><\/a><\/div>\n<div style=\"text-align: justify;\">\n<\/div>\n<div style=\"text-align: justify;\">\nAs a\u00e7\u00f5es aconteceram durante todo o dia, iniciando com um caf\u00e9 da manh\u00e3 especial para usu\u00e1rios e convidados. Foram oferecidos servi\u00e7os de testagem de HIV, s\u00edfilis, hepatite, al\u00e9m de corte de cabelo e vacina\u00e7\u00e3o. O encerramento contou com um almo\u00e7o especial servido para os usu\u00e1rios, seguido do corte do bolo comemorativo e uma celebra\u00e7\u00e3o ecum\u00eanica.<\/div>\n<div style=\"text-align: justify;\">\n<\/div>\n<div class=\"separator\" style=\"clear: both; text-align: center;\">\n<a href=\"https:\/\/4.bp.blogspot.com\/-BDXlSg2MfXw\/WvttZgVDkUI\/AAAAAAAAxW8\/VzOGkpN1vD8A9KqTUaNC2tYpGA5XcPJJgCLcBGAs\/s1600\/centro%2B3.JPG\" imageanchor=\"1\" style=\"margin-left: 1em; margin-right: 1em;\"><img loading=\"lazy\" decoding=\"async\" border=\"0\" data-original-height=\"1065\" data-original-width=\"1600\" height=\"424\" src=\"http:\/\/blogdoedvaldomagalhaes.com.br\/wp-content\/uploads\/2018\/05\/centro3.jpg\" width=\"640\" \/><\/a><\/div>\n<div style=\"text-align: justify;\">\n<\/div>\n<div style=\"text-align: justify;\">\nA coordenadora do Centro Pop, Edilene Albuquerque, falou do ganho que o trabalho realizado representa para Caruaru, com praticamente 90% da popula\u00e7\u00e3o de rua atendida pelo servi\u00e7o. \u201cN\u00f3s garantimos a cidadania das pessoas que vivem nas ruas da nossa cidade, em situa\u00e7\u00e3o de extrema vulnerabilidade, seja com emiss\u00e3o de documentos, j\u00e1 que muitos usu\u00e1rios chegam aqui sem praticamente existir, ou oferecendo servi\u00e7os de sa\u00fade, oficinas profissionalizantes, alimenta\u00e7\u00e3o, higieniza\u00e7\u00e3o, fazendo o encaminhamento de quem precisa para nossa rede de prote\u00e7\u00e3o\u201d, ressaltou.<\/div>\n<div style=\"text-align: justify;\">\n<\/div>\n<div style=\"text-align: justify;\">\nO ex-usu\u00e1rio do servi\u00e7o, Francisco Canind\u00e9, oriundo do RN, retornou hoje para celebrar a data com os funcion\u00e1rios que o receberam quando ele mais precisou. H\u00e1 cerca de um m\u00eas, Francisco conseguiu um encaminhamento para um emprego em Caruaru, atrav\u00e9s do Centro, e deixou de morar nas ruas do munic\u00edpio.<\/div>\n","protected":false},"excerpt":{"rendered":"<p>Nesta ter\u00e7a-feira (15) o Centro de Refer\u00eancia Especializado para Popula\u00e7\u00e3o em Situa\u00e7\u00e3o de Rua de Caruaru, mais conhecido como Centro&hellip;<\/p>\n","protected":false},"author":1,"featured_media":0,"comment_status":"open","ping_status":"open","sticky":false,"template":"","format":"standard","meta":{"footnotes":""},"categories":[1],"tags":[2,2616,2617,6],"class_list":["post-2431","post","type-post","status-publish","format-standard","hentry","category-sem-categoria","tag-blog-do-edvaldo-magalhaes","tag-centro-de-referencia-especializado-para-populacao-em-situacao-de-rua","tag-centro-pop-de-caruaru-celebrou-nesta-terca-feira-15-sete-anos-de-funcionamento","tag-noticias"],"_links":{"self":[{"href":"https:\/\/blogdoedvaldomagalhaes.com.br\/index.php\/wp-json\/wp\/v2\/posts\/2431","targetHints":{"allow":["GET"]}}],"collection":[{"href":"https:\/\/blogdoedvaldomagalhaes.com.br\/index.php\/wp-json\/wp\/v2\/posts"}],"about":[{"href":"https:\/\/blogdoedvaldomagalhaes.com.br\/index.php\/wp-json\/wp\/v2\/types\/post"}],"author":[{"embeddable":true,"href":"https:\/\/blogdoedvaldomagalhaes.com.br\/index.php\/wp-json\/wp\/v2\/users\/1"}],"replies":[{"embeddable":true,"href":"https:\/\/blogdoedvaldomagalhaes.com.br\/index.php\/wp-json\/wp\/v2\/comments?post=2431"}],"version-history":[{"count":1,"href":"https:\/\/blogdoedvaldomagalhaes.com.br\/index.php\/wp-json\/wp\/v2\/posts\/2431\/revisions"}],"predecessor-version":[{"id":30799,"href":"https:\/\/blogdoedvaldomagalhaes.com.br\/index.php\/wp-json\/wp\/v2\/posts\/2431\/revisions\/30799"}],"wp:attachment":[{"href":"https:\/\/blogdoedvaldomagalhaes.com.br\/index.php\/wp-json\/wp\/v2\/media?parent=2431"}],"wp:term":[{"taxonomy":"category","embeddable":true,"href":"https:\/\/blogdoedvaldomagalhaes.com.br\/index.php\/wp-json\/wp\/v2\/categories?post=2431"},{"taxonomy":"post_tag","embeddable":true,"href":"https:\/\/blogdoedvaldomagalhaes.com.br\/index.php\/wp-json\/wp\/v2\/tags?post=2431"}],"curies":[{"name":"wp","href":"https:\/\/api.w.org\/{rel}","templated":true}]}}