{"id":2430,"date":"2018-05-15T23:40:00","date_gmt":"2018-05-16T02:40:00","guid":{"rendered":"http:\/\/blogdoedvaldomagalhaes.com.br\/index.php\/2018\/05\/15\/camara-de-caruaru-realiza-audiencia\/"},"modified":"2019-02-09T02:14:06","modified_gmt":"2019-02-09T04:14:06","slug":"camara-de-caruaru-realiza-audiencia","status":"publish","type":"post","link":"https:\/\/blogdoedvaldomagalhaes.com.br\/index.php\/2018\/05\/15\/camara-de-caruaru-realiza-audiencia\/","title":{"rendered":"C\u00e2mara de Caruaru realiza audi\u00eancia p\u00fablica para discutir Projeto de Parque Linear"},"content":{"rendered":"<div class=\"separator\" style=\"clear: both; text-align: center;\">\n<a href=\"https:\/\/1.bp.blogspot.com\/-MLtcozwXScA\/WvtvzLAej4I\/AAAAAAAAxXM\/E8NIIFrubOk5b18eLN-C2lrYpJ_0-cNngCLcBGAs\/s1600\/camara.jpg\" imageanchor=\"1\" style=\"margin-left: 1em; margin-right: 1em;\"><img loading=\"lazy\" decoding=\"async\" border=\"0\" data-original-height=\"372\" data-original-width=\"620\" height=\"384\" src=\"http:\/\/blogdoedvaldomagalhaes.com.br\/wp-content\/uploads\/2018\/05\/camara.jpg\" width=\"640\" \/><\/a><\/div>\n<div class=\"separator\" style=\"clear: both; text-align: center;\">\nFoto: Vladimir Barreto Rodrigues<\/div>\n<div class=\"MsoNormal\" style=\"background: white; line-height: 22px; margin: 0cm 0cm 0.0001pt; text-align: justify;\">\n<\/div>\n<div class=\"MsoNormal\" style=\"background: white; line-height: 22px; margin: 0cm 0cm 0.0001pt; text-align: justify;\">\nAtrav\u00e9s de um requerimento apresentado pelo vereador Marcelo Gomes, o Poder Legislativo de Caruaru realizar\u00e1 nesta quarta-feira (16), a partir das 9h, uma Audi\u00eancia P\u00fablica que visa debater o Projeto de Implanta\u00e7\u00e3o do Parque Linear em Caruaru. Durante o momento, ser\u00e1 analisada a implanta\u00e7\u00e3o do maior espa\u00e7o p\u00fablico de Caruaru, tratando-se de um parque linear ao longo e \u00e0s margens da rede ferrovi\u00e1ria. O projeto pretende contar com ciclovias, espa\u00e7o de lazer e comercializa\u00e7\u00e3o.<\/div>\n<div class=\"MsoNormal\" style=\"background: white; line-height: 22px; margin: 0cm 0cm 0.0001pt; text-align: justify;\">\n<\/div>\n<div class=\"MsoNormal\" style=\"background: white; line-height: 22px; margin: 0cm 0cm 0.0001pt; text-align: justify;\">\nA audi\u00eancia p\u00fablica contar\u00e1 com a presen\u00e7a dos t\u00e9cnicos enviados pela Secretaria de Turismo e Lazer do Governo do Estado de Pernambuco, Manuela Coutinho Domingues Marinho e ter\u00e1 como palestrante o gerente de ciclomobilidade da Seturel\/Governo do Estado de Pernambuco, J\u00e1son Gon\u00e7alves Torres. A presen\u00e7a de ambos tem o intuito de discutir o projeto de execu\u00e7\u00e3o do parque linear, com a inser\u00e7\u00e3o de ciclovia ao longo da linha f\u00e9rrea da cidade, al\u00e9m de esclarecer junto a C\u00e2mara de Vereadores de Caruaru tudo que foi executado pela Secretaria de Turismo, Esportes e Lazer.<\/div>\n<div class=\"MsoNormal\" style=\"background: white; line-height: 22px; margin: 0cm 0cm 0.0001pt; text-align: justify;\">\n<\/div>\n<div class=\"MsoNormal\" style=\"background: white; line-height: 22px; margin: 0cm 0cm 0.0001pt; text-align: justify;\">\nDe acordo com Marcelo Gomes, o projeto vai impactar a vida de milhares de caruaruenses, desde o centro \u00e0 periferia. \u201cO Parque Linear \u00e9 um projeto transformador com potencial de renova\u00e7\u00e3o permanente. Tratando-se de espa\u00e7o p\u00fablico, aberto ao uso e aproveitamento por toda popula\u00e7\u00e3o. Por isso, a Audi\u00eancia P\u00fablica foi solicitada para que possamos avaliar custos, resultados e conveni\u00eancias para a a\u00e7\u00e3o da Prefeitura e do Governo do Estado. Esperamos uma boa participa\u00e7\u00e3o para este debate de grande import\u00e2ncia para Caruaru\u201d, ressaltou o vereador.&nbsp;<\/div>\n<div class=\"MsoNormal\" style=\"background: white; color: #222222; line-height: 22px; margin: 0cm 0cm 0.0001pt; text-align: justify;\">\n<\/div>\n","protected":false},"excerpt":{"rendered":"<p>Foto: Vladimir Barreto Rodrigues Atrav\u00e9s de um requerimento apresentado pelo vereador Marcelo Gomes, o Poder Legislativo de Caruaru realizar\u00e1 nesta&hellip;<\/p>\n","protected":false},"author":1,"featured_media":0,"comment_status":"open","ping_status":"open","sticky":false,"template":"","format":"standard","meta":{"footnotes":""},"categories":[1],"tags":[2,2615,20],"class_list":["post-2430","post","type-post","status-publish","format-standard","hentry","category-sem-categoria","tag-blog-do-edvaldo-magalhaes","tag-camara-de-caruaru-realiza-audiencia-publica-para-discutir-projeto-de-parque-linear","tag-politica"],"_links":{"self":[{"href":"https:\/\/blogdoedvaldomagalhaes.com.br\/index.php\/wp-json\/wp\/v2\/posts\/2430","targetHints":{"allow":["GET"]}}],"collection":[{"href":"https:\/\/blogdoedvaldomagalhaes.com.br\/index.php\/wp-json\/wp\/v2\/posts"}],"about":[{"href":"https:\/\/blogdoedvaldomagalhaes.com.br\/index.php\/wp-json\/wp\/v2\/types\/post"}],"author":[{"embeddable":true,"href":"https:\/\/blogdoedvaldomagalhaes.com.br\/index.php\/wp-json\/wp\/v2\/users\/1"}],"replies":[{"embeddable":true,"href":"https:\/\/blogdoedvaldomagalhaes.com.br\/index.php\/wp-json\/wp\/v2\/comments?post=2430"}],"version-history":[{"count":1,"href":"https:\/\/blogdoedvaldomagalhaes.com.br\/index.php\/wp-json\/wp\/v2\/posts\/2430\/revisions"}],"predecessor-version":[{"id":30801,"href":"https:\/\/blogdoedvaldomagalhaes.com.br\/index.php\/wp-json\/wp\/v2\/posts\/2430\/revisions\/30801"}],"wp:attachment":[{"href":"https:\/\/blogdoedvaldomagalhaes.com.br\/index.php\/wp-json\/wp\/v2\/media?parent=2430"}],"wp:term":[{"taxonomy":"category","embeddable":true,"href":"https:\/\/blogdoedvaldomagalhaes.com.br\/index.php\/wp-json\/wp\/v2\/categories?post=2430"},{"taxonomy":"post_tag","embeddable":true,"href":"https:\/\/blogdoedvaldomagalhaes.com.br\/index.php\/wp-json\/wp\/v2\/tags?post=2430"}],"curies":[{"name":"wp","href":"https:\/\/api.w.org\/{rel}","templated":true}]}}