{"id":2429,"date":"2018-05-15T23:45:00","date_gmt":"2018-05-16T02:45:00","guid":{"rendered":"http:\/\/blogdoedvaldomagalhaes.com.br\/index.php\/2018\/05\/15\/servidores-municipais-de-caruaru-passa\/"},"modified":"2019-02-09T02:14:06","modified_gmt":"2019-02-09T04:14:06","slug":"servidores-municipais-de-caruaru-passa","status":"publish","type":"post","link":"https:\/\/blogdoedvaldomagalhaes.com.br\/index.php\/2018\/05\/15\/servidores-municipais-de-caruaru-passa\/","title":{"rendered":"Servidores municipais de Caruaru passam por capacita\u00e7\u00e3o sobre prote\u00e7\u00e3o social"},"content":{"rendered":"<div class=\"separator\" style=\"clear: both; text-align: center;\">\n<a href=\"https:\/\/3.bp.blogspot.com\/-NVM_1PiZV2w\/Wvtw3H6ewDI\/AAAAAAAAxXU\/QzqiR8MIhrsY4ETT_CMMIMkmlKxV9SC3ACLcBGAs\/s1600\/fala.jpeg\" imageanchor=\"1\" style=\"margin-left: 1em; margin-right: 1em;\"><img loading=\"lazy\" decoding=\"async\" border=\"0\" data-original-height=\"721\" data-original-width=\"1280\" height=\"360\" src=\"http:\/\/blogdoedvaldomagalhaes.com.br\/wp-content\/uploads\/2018\/05\/fala.jpeg\" width=\"640\" \/><\/a><\/div>\n<div style=\"text-align: justify;\">\n<\/div>\n<div style=\"text-align: justify;\">\nNesta ter\u00e7a-feira (15), servidores da Prefeitura de Caruaru participaram de uma forma\u00e7\u00e3o promovida pelo Governo do Estado, no munic\u00edpio. O encontro girou em torno do tema: Fundamentos Legais da Prote\u00e7\u00e3o Social e do Sistema de Garantia de Direitos. A realiza\u00e7\u00e3o ficou por conta da Coordena\u00e7\u00e3o de Prote\u00e7\u00e3o Especial de Alta Complexidade, da Secretaria Estadual de Desenvolvimento Social, Crian\u00e7a e Juventude. Representantes do Minist\u00e9rio P\u00fablico se fizeram presentes, assim como membros do COMDICA e do CMAS, al\u00e9m de conselheiros tutelares.<\/div>\n<div style=\"text-align: justify;\">\n<\/div>\n<div style=\"text-align: justify;\">\nO evento aconteceu na sede da Secretaria de Desenvolvimento Social e Direitos Humanos de Caruaru, onde estiveram presentes trabalhadores do CRAS, CREAS, Casas de Acolhimento, CAUD, Centro POP e Abordagem Social, al\u00e9m dos servidores das secretarias de Educa\u00e7\u00e3o e Sa\u00fade de Caruaru. Ser\u00e3o dois dias de forma\u00e7\u00e3o, com a retomada das atividades nesta quarta-feira (16).<\/div>\n","protected":false},"excerpt":{"rendered":"<p>Nesta ter\u00e7a-feira (15), servidores da Prefeitura de Caruaru participaram de uma forma\u00e7\u00e3o promovida pelo Governo do Estado, no munic\u00edpio. O&hellip;<\/p>\n","protected":false},"author":1,"featured_media":0,"comment_status":"open","ping_status":"open","sticky":false,"template":"","format":"standard","meta":{"footnotes":""},"categories":[1],"tags":[2,6,2614],"class_list":["post-2429","post","type-post","status-publish","format-standard","hentry","category-sem-categoria","tag-blog-do-edvaldo-magalhaes","tag-noticias","tag-servidores-municipais-de-caruaru-passam-por-capacitacao-sobre-protecao-social"],"_links":{"self":[{"href":"https:\/\/blogdoedvaldomagalhaes.com.br\/index.php\/wp-json\/wp\/v2\/posts\/2429","targetHints":{"allow":["GET"]}}],"collection":[{"href":"https:\/\/blogdoedvaldomagalhaes.com.br\/index.php\/wp-json\/wp\/v2\/posts"}],"about":[{"href":"https:\/\/blogdoedvaldomagalhaes.com.br\/index.php\/wp-json\/wp\/v2\/types\/post"}],"author":[{"embeddable":true,"href":"https:\/\/blogdoedvaldomagalhaes.com.br\/index.php\/wp-json\/wp\/v2\/users\/1"}],"replies":[{"embeddable":true,"href":"https:\/\/blogdoedvaldomagalhaes.com.br\/index.php\/wp-json\/wp\/v2\/comments?post=2429"}],"version-history":[{"count":1,"href":"https:\/\/blogdoedvaldomagalhaes.com.br\/index.php\/wp-json\/wp\/v2\/posts\/2429\/revisions"}],"predecessor-version":[{"id":30803,"href":"https:\/\/blogdoedvaldomagalhaes.com.br\/index.php\/wp-json\/wp\/v2\/posts\/2429\/revisions\/30803"}],"wp:attachment":[{"href":"https:\/\/blogdoedvaldomagalhaes.com.br\/index.php\/wp-json\/wp\/v2\/media?parent=2429"}],"wp:term":[{"taxonomy":"category","embeddable":true,"href":"https:\/\/blogdoedvaldomagalhaes.com.br\/index.php\/wp-json\/wp\/v2\/categories?post=2429"},{"taxonomy":"post_tag","embeddable":true,"href":"https:\/\/blogdoedvaldomagalhaes.com.br\/index.php\/wp-json\/wp\/v2\/tags?post=2429"}],"curies":[{"name":"wp","href":"https:\/\/api.w.org\/{rel}","templated":true}]}}