{"id":2428,"date":"2018-05-15T23:54:00","date_gmt":"2018-05-16T02:54:00","guid":{"rendered":"http:\/\/blogdoedvaldomagalhaes.com.br\/index.php\/2018\/05\/15\/vereador-quer-reduzir-nepotismo-na\/"},"modified":"2019-02-09T02:14:06","modified_gmt":"2019-02-09T04:14:06","slug":"vereador-quer-reduzir-nepotismo-na","status":"publish","type":"post","link":"https:\/\/blogdoedvaldomagalhaes.com.br\/index.php\/2018\/05\/15\/vereador-quer-reduzir-nepotismo-na\/","title":{"rendered":"Vereador quer reduzir nepotismo na prefeitura de S\u00e3o Caitano"},"content":{"rendered":"<div class=\"separator\" style=\"clear: both; text-align: center;\">\n<a href=\"https:\/\/4.bp.blogspot.com\/-OmsorrjAM3U\/WvtzOi7H-II\/AAAAAAAAxXg\/h-VYtAvEBZcD25EjLbcpIs0uUbs2MGg7QCLcBGAs\/s1600\/m%25C2%25B4sario.jpg\" imageanchor=\"1\" style=\"margin-left: 1em; margin-right: 1em;\"><img loading=\"lazy\" decoding=\"async\" border=\"0\" data-original-height=\"169\" data-original-width=\"300\" height=\"358\" src=\"http:\/\/blogdoedvaldomagalhaes.com.br\/wp-content\/uploads\/2018\/05\/mC2B4sario.jpg\" width=\"640\" \/><\/a><\/div>\n<div style=\"background-color: white; border: 0px; margin-bottom: 1.5em; outline: 0px; padding: 0px; text-align: justify; vertical-align: baseline;\">\n<\/div>\n<div style=\"background-color: white; border: 0px; margin-bottom: 1.5em; outline: 0px; padding: 0px; text-align: justify; vertical-align: baseline;\">\nUm Projeto de lei de Vereador de S\u00e3o Caitano, Luiz Carlos da Sa\u00fade, quer limitar em 10% (dez por cento) o n\u00famero de Secret\u00e1rios nomeados que s\u00e3o parentes do Prefeito Jadiel Braga e em 5% ( cinco por cento) das nomea\u00e7\u00f5es de Diretores.<\/div>\n<div style=\"background-color: white; border: 0px; margin-bottom: 1.5em; outline: 0px; padding: 0px; text-align: justify; vertical-align: baseline;\">\nO projeto vai ser analisado pela C\u00e2mara de Vereadores de S\u00e3o Caitano. Na cidade, s\u00e3o quatro Secret\u00e1rios parentes do Prefeito e v\u00e1rios Diretores. O curioso \u00e9 que uma Lei Estadual pro\u00edbe essa pr\u00e1tica, mas v\u00e1rias prefeituras ignoram isso.<\/p>\n<p><b>Do Blog do M\u00e1rio Fl\u00e1vio<\/b><\/div>\n","protected":false},"excerpt":{"rendered":"<p>Um Projeto de lei de Vereador de S\u00e3o Caitano, Luiz Carlos da Sa\u00fade, quer limitar em 10% (dez por cento)&hellip;<\/p>\n","protected":false},"author":1,"featured_media":0,"comment_status":"open","ping_status":"open","sticky":false,"template":"","format":"standard","meta":{"footnotes":""},"categories":[1],"tags":[2,2611,2612,20,2613],"class_list":["post-2428","post","type-post","status-publish","format-standard","hentry","category-sem-categoria","tag-blog-do-edvaldo-magalhaes","tag-jadiel-braga","tag-luiz-carlos-da-saude","tag-politica","tag-vereador-quer-reduzir-nepotismo-na-prefeitura-de-sao-caitano"],"_links":{"self":[{"href":"https:\/\/blogdoedvaldomagalhaes.com.br\/index.php\/wp-json\/wp\/v2\/posts\/2428","targetHints":{"allow":["GET"]}}],"collection":[{"href":"https:\/\/blogdoedvaldomagalhaes.com.br\/index.php\/wp-json\/wp\/v2\/posts"}],"about":[{"href":"https:\/\/blogdoedvaldomagalhaes.com.br\/index.php\/wp-json\/wp\/v2\/types\/post"}],"author":[{"embeddable":true,"href":"https:\/\/blogdoedvaldomagalhaes.com.br\/index.php\/wp-json\/wp\/v2\/users\/1"}],"replies":[{"embeddable":true,"href":"https:\/\/blogdoedvaldomagalhaes.com.br\/index.php\/wp-json\/wp\/v2\/comments?post=2428"}],"version-history":[{"count":1,"href":"https:\/\/blogdoedvaldomagalhaes.com.br\/index.php\/wp-json\/wp\/v2\/posts\/2428\/revisions"}],"predecessor-version":[{"id":30805,"href":"https:\/\/blogdoedvaldomagalhaes.com.br\/index.php\/wp-json\/wp\/v2\/posts\/2428\/revisions\/30805"}],"wp:attachment":[{"href":"https:\/\/blogdoedvaldomagalhaes.com.br\/index.php\/wp-json\/wp\/v2\/media?parent=2428"}],"wp:term":[{"taxonomy":"category","embeddable":true,"href":"https:\/\/blogdoedvaldomagalhaes.com.br\/index.php\/wp-json\/wp\/v2\/categories?post=2428"},{"taxonomy":"post_tag","embeddable":true,"href":"https:\/\/blogdoedvaldomagalhaes.com.br\/index.php\/wp-json\/wp\/v2\/tags?post=2428"}],"curies":[{"name":"wp","href":"https:\/\/api.w.org\/{rel}","templated":true}]}}