{"id":2426,"date":"2018-05-16T00:06:00","date_gmt":"2018-05-16T03:06:00","guid":{"rendered":"http:\/\/blogdoedvaldomagalhaes.com.br\/index.php\/2018\/05\/16\/programa-juntos-no-mundo-literario-sera\/"},"modified":"2019-02-09T02:14:10","modified_gmt":"2019-02-09T04:14:10","slug":"programa-juntos-no-mundo-literario-sera","status":"publish","type":"post","link":"https:\/\/blogdoedvaldomagalhaes.com.br\/index.php\/2018\/05\/16\/programa-juntos-no-mundo-literario-sera\/","title":{"rendered":"Programa Juntos no Mundo Liter\u00e1rio ser\u00e1 lan\u00e7ado em Caruaru nesta quarta (16)"},"content":{"rendered":"<div class=\"separator\" style=\"clear: both; text-align: center;\">\n<a href=\"https:\/\/4.bp.blogspot.com\/-xiEtv3GexBA\/Wvt17QLNEnI\/AAAAAAAAxX0\/cNzl9J-TBLghN9ThTd_6MuqLOKdjQJ8rgCLcBGAs\/s1600\/pref.jpg\" imageanchor=\"1\" style=\"margin-left: 1em; margin-right: 1em;\"><img loading=\"lazy\" decoding=\"async\" border=\"0\" data-original-height=\"1024\" data-original-width=\"1024\" height=\"640\" src=\"http:\/\/blogdoedvaldomagalhaes.com.br\/wp-content\/uploads\/2018\/05\/pref.jpg\" width=\"640\" \/><\/a><\/div>\n<div style=\"background-color: white; border: 0px; margin-bottom: 1.5em; outline: 0px; padding: 0px; text-align: justify; vertical-align: baseline;\">\n<\/div>\n<div style=\"background-color: white; border: 0px; margin-bottom: 1.5em; outline: 0px; padding: 0px; text-align: justify; vertical-align: baseline;\">\nEm alus\u00e3o ao anivers\u00e1rio de Caruaru, a Secretaria de Educa\u00e7\u00e3o lan\u00e7ar\u00e1 nesta quarta-feira (16), \u00e0s 9h, em Maria Jos\u00e9 Recep\u00e7\u00f5es II, o Programa Juntos no Mundo Liter\u00e1rio que ser\u00e1 implantado nas escolas da rede municipal de ensino da cidade e do campo. O objetivo \u00e9 incentivar o h\u00e1bito da leitura atrav\u00e9s de atividades l\u00fadicas que propiciem o alcance a compet\u00eancias nas \u00e1reas da leitura, escrita e cria\u00e7\u00e3o art\u00edstico\/liter\u00e1ria.<\/div>\n<div style=\"background-color: white; border: 0px; margin-bottom: 1.5em; outline: 0px; padding: 0px; text-align: justify; vertical-align: baseline;\">\nPara o secret\u00e1rio de Educa\u00e7\u00e3o, Rubenildo Moura, a leitura deve ser estimulada nos seus diversos g\u00eaneros e nas diferentes faixas et\u00e1rias. \u201cN\u00f3s vamos trabalhar o incentivo a leitura j\u00e1 a partir da Educa\u00e7\u00e3o Infantil, trabalharemos na base para que o sucesso seja garantido. Al\u00e9m disso, professores foram capacitados como agentes de leitura para aprimorar as atividades desenvolvidas nas bibliotecas para forma\u00e7\u00e3o de estudantes que se tornar\u00e3o leitores\u201d, afirmou.<\/div>\n<div style=\"background-color: white; border: 0px; outline: 0px; padding: 0px; text-align: justify; vertical-align: baseline;\">\nTodos os alunos das escolas municipais receber\u00e3o um kit liter\u00e1rio composto por 6 paradid\u00e1ticos, que ser\u00e3o trabalhados durante o segundo semestre para fortalecer as pol\u00edticas de leitura desenvolvidas pelo munic\u00edpio.Com a implanta\u00e7\u00e3o do projeto, as escolas ter\u00e3o festivais liter\u00e1rios e multiculturais em que os alunos apresentar\u00e3o as atividades por eles produzidas.<\/div>\n","protected":false},"excerpt":{"rendered":"<p>Em alus\u00e3o ao anivers\u00e1rio de Caruaru, a Secretaria de Educa\u00e7\u00e3o lan\u00e7ar\u00e1 nesta quarta-feira (16), \u00e0s 9h, em Maria Jos\u00e9 Recep\u00e7\u00f5es&hellip;<\/p>\n","protected":false},"author":1,"featured_media":0,"comment_status":"open","ping_status":"open","sticky":false,"template":"","format":"standard","meta":{"footnotes":""},"categories":[1],"tags":[2,6,2608],"class_list":["post-2426","post","type-post","status-publish","format-standard","hentry","category-sem-categoria","tag-blog-do-edvaldo-magalhaes","tag-noticias","tag-programa-juntos-no-mundo-literario-sera-lancado-em-caruaru-nesta-quarta-16"],"_links":{"self":[{"href":"https:\/\/blogdoedvaldomagalhaes.com.br\/index.php\/wp-json\/wp\/v2\/posts\/2426","targetHints":{"allow":["GET"]}}],"collection":[{"href":"https:\/\/blogdoedvaldomagalhaes.com.br\/index.php\/wp-json\/wp\/v2\/posts"}],"about":[{"href":"https:\/\/blogdoedvaldomagalhaes.com.br\/index.php\/wp-json\/wp\/v2\/types\/post"}],"author":[{"embeddable":true,"href":"https:\/\/blogdoedvaldomagalhaes.com.br\/index.php\/wp-json\/wp\/v2\/users\/1"}],"replies":[{"embeddable":true,"href":"https:\/\/blogdoedvaldomagalhaes.com.br\/index.php\/wp-json\/wp\/v2\/comments?post=2426"}],"version-history":[{"count":1,"href":"https:\/\/blogdoedvaldomagalhaes.com.br\/index.php\/wp-json\/wp\/v2\/posts\/2426\/revisions"}],"predecessor-version":[{"id":30809,"href":"https:\/\/blogdoedvaldomagalhaes.com.br\/index.php\/wp-json\/wp\/v2\/posts\/2426\/revisions\/30809"}],"wp:attachment":[{"href":"https:\/\/blogdoedvaldomagalhaes.com.br\/index.php\/wp-json\/wp\/v2\/media?parent=2426"}],"wp:term":[{"taxonomy":"category","embeddable":true,"href":"https:\/\/blogdoedvaldomagalhaes.com.br\/index.php\/wp-json\/wp\/v2\/categories?post=2426"},{"taxonomy":"post_tag","embeddable":true,"href":"https:\/\/blogdoedvaldomagalhaes.com.br\/index.php\/wp-json\/wp\/v2\/tags?post=2426"}],"curies":[{"name":"wp","href":"https:\/\/api.w.org\/{rel}","templated":true}]}}