{"id":2425,"date":"2018-05-16T01:40:00","date_gmt":"2018-05-16T04:40:00","guid":{"rendered":"http:\/\/blogdoedvaldomagalhaes.com.br\/index.php\/2018\/05\/16\/policiais-morrem-atropelados-pelo-metro\/"},"modified":"2019-02-09T02:14:11","modified_gmt":"2019-02-09T04:14:11","slug":"policiais-morrem-atropelados-pelo-metro","status":"publish","type":"post","link":"https:\/\/blogdoedvaldomagalhaes.com.br\/index.php\/2018\/05\/16\/policiais-morrem-atropelados-pelo-metro\/","title":{"rendered":"Policiais morrem atropelados pelo metr\u00f4 do Recife"},"content":{"rendered":"<div class=\"separator\" style=\"clear: both; text-align: center;\">\n<a href=\"https:\/\/4.bp.blogspot.com\/-nye94FXhhwQ\/WvuLxa-5ZrI\/AAAAAAAAxZQ\/0IpVXdF0sP0-HGLDeUSn-vi4tlVqQ9dBgCLcBGAs\/s1600\/pm.jpg\" imageanchor=\"1\" style=\"margin-left: 1em; margin-right: 1em;\"><img loading=\"lazy\" decoding=\"async\" border=\"0\" data-original-height=\"365\" data-original-width=\"475\" height=\"490\" src=\"http:\/\/blogdoedvaldomagalhaes.com.br\/wp-content\/uploads\/2018\/05\/pm-1.jpg\" width=\"640\" \/><\/a><\/div>\n<div style=\"text-align: justify;\">\n<p>\u00c0s 20h51 o 16\u00ba BPM registrou uma ocorr\u00eancia na via f\u00e9rrea do Bairro de S\u00e3o Jos\u00e9, nas proximidades da esta\u00e7\u00e3o de Joana Bezerra, onde um&nbsp;grupo encapuzado que estaria para executar um homem, durante a procura houve troca de tiros entre bandidos e policiais, por\u00e9m, os disparos de arma de fogo n\u00e3o atingiu ningu\u00e9m, em seguida, um metr\u00f4 que passava pelo local atingiu os quatros Policiais Militares do GATI\/16\u00baBPM, tendo dois policiais ido a \u00f3bito no local e outros dois encontram-se feridos. Foram empenhados a GT 16000 (SGT DE LIMA), GP 16300 (MAJ JULIERME\/Oficial de Fiscaliza\u00e7\u00e3o PJES), como tamb\u00e9m compartilhado com o CBMPE, GGPOC e a PCPE.&nbsp;<\/p>\n<\/div>\n<div style=\"text-align: justify;\">\nO Sargento En\u00e9as Severino de Sena, 42 anos, foi da Banda de M\u00fasica morreu no local, o Cabo Adeilton deu entrada sem vida no Hospital Restaura\u00e7\u00e3o, enquanto os soldados Cl\u00e9cio Santos e Luciano foram socorridos e est\u00e3o no HR.<\/p>\n<div class=\"separator\" style=\"clear: both; text-align: center;\">\n<a href=\"https:\/\/1.bp.blogspot.com\/-WKHjtLdHNS4\/WvwmPBwn8OI\/AAAAAAAAxaI\/XlAA-sazT3IimImqdYoe9JIQ6GyjhD2agCLcBGAs\/s1600\/IMG-20180516-WA0044.jpg\" imageanchor=\"1\" style=\"margin-left: 1em; margin-right: 1em;\"><img loading=\"lazy\" decoding=\"async\" border=\"0\" data-original-height=\"1280\" data-original-width=\"720\" height=\"640\" src=\"http:\/\/blogdoedvaldomagalhaes.com.br\/wp-content\/uploads\/2018\/05\/IMG-20180516-WA0044.jpg\" width=\"360\" \/><\/a><\/div>\n<div class=\"separator\" style=\"clear: both; text-align: center;\">\nSargentoEn\u00e9as&nbsp;<\/div>\n<\/div>\n<div style=\"text-align: justify;\">\n<div class=\"separator\" style=\"clear: both; text-align: center;\">\n<a href=\"https:\/\/2.bp.blogspot.com\/-bbtyc02_j_4\/WvuQ6BXMSzI\/AAAAAAAAxZk\/EDH6aZFfw28UYBijBzo-ruvIcN19NfE1QCLcBGAs\/s1600\/IMG-20180515-WA0338.jpg\" imageanchor=\"1\" style=\"margin-left: 1em; margin-right: 1em;\"><img loading=\"lazy\" decoding=\"async\" border=\"0\" data-original-height=\"792\" data-original-width=\"594\" height=\"640\" src=\"http:\/\/blogdoedvaldomagalhaes.com.br\/wp-content\/uploads\/2018\/05\/IMG-20180515-WA0338.jpg\" width=\"480\" \/><\/a><\/div>\n<div class=\"separator\" style=\"clear: both; text-align: center;\">\nFoto do Cabol Adeilton<\/div>\n<div class=\"separator\" style=\"clear: both; text-align: center;\">\n<\/div>\n<p>*NOTA DA PMPE*<\/p>\n<p>A Pol\u00edcia Militar lamenta profundamente o tr\u00e1gico acontecimento desta ter\u00e7a-feira (15\/05) \u00e0 noite, quando dois policiais &nbsp;do 16\u00ba BPM, no estrito cumprimento do dever, acabaram mortos, atropelados por uma composi\u00e7\u00e3o do metr\u00f4 na Esta\u00e7\u00e3o Recife. O fato ocorreu quando o grupo de policiais militares realizava incurs\u00f5es na \u00e1rea f\u00e9rrea na procura de contumazes meliantes que usam do local para o cometimento de crimes como tr\u00e1fico e assaltos. Outros dois policiais que formavam a equipe continuam recebendo atendimento m\u00e9dico no Hospital da Restaura\u00e7\u00e3o. Nesse momento dif\u00edcil, a Corpora\u00e7\u00e3o pede a compreens\u00e3o de todos, se comprometendo a, quando tiver informa\u00e7\u00f5es precisas sobre o caso, repass\u00e1-las \u00e0 sociedade. Agora, fixamos nossas aten\u00e7\u00f5es \u00e0s fam\u00edlias dos que perderam a vida em defesa da sociedade, bem como, em total apoio aos policiais militares que se encontram feridos.<\/p>\n<div class=\"separator\" style=\"clear: both; text-align: center;\">\n<a href=\"https:\/\/2.bp.blogspot.com\/-SIF_XozQS4E\/Wvwmon_qf8I\/AAAAAAAAxaQ\/CG38bBZzgXoF7dcyXVMzf2mcY75vJQDawCLcBGAs\/s1600\/IMG-20180516-WA0043.jpg\" imageanchor=\"1\" style=\"margin-left: 1em; margin-right: 1em;\"><img loading=\"lazy\" decoding=\"async\" border=\"0\" data-original-height=\"960\" data-original-width=\"960\" height=\"640\" src=\"http:\/\/blogdoedvaldomagalhaes.com.br\/wp-content\/uploads\/2018\/05\/IMG-20180516-WA0043.jpg\" width=\"640\" \/><\/a><\/div>\n<p><\/div>\n","protected":false},"excerpt":{"rendered":"<p>\u00c0s 20h51 o 16\u00ba BPM registrou uma ocorr\u00eancia na via f\u00e9rrea do Bairro de S\u00e3o Jos\u00e9, nas proximidades da esta\u00e7\u00e3o&hellip;<\/p>\n","protected":false},"author":1,"featured_media":0,"comment_status":"open","ping_status":"open","sticky":false,"template":"","format":"standard","meta":{"footnotes":""},"categories":[1],"tags":[2,6,2607],"class_list":["post-2425","post","type-post","status-publish","format-standard","hentry","category-sem-categoria","tag-blog-do-edvaldo-magalhaes","tag-noticias","tag-policiais-morrem-atropelados-pelo-metro-do-recife"],"_links":{"self":[{"href":"https:\/\/blogdoedvaldomagalhaes.com.br\/index.php\/wp-json\/wp\/v2\/posts\/2425","targetHints":{"allow":["GET"]}}],"collection":[{"href":"https:\/\/blogdoedvaldomagalhaes.com.br\/index.php\/wp-json\/wp\/v2\/posts"}],"about":[{"href":"https:\/\/blogdoedvaldomagalhaes.com.br\/index.php\/wp-json\/wp\/v2\/types\/post"}],"author":[{"embeddable":true,"href":"https:\/\/blogdoedvaldomagalhaes.com.br\/index.php\/wp-json\/wp\/v2\/users\/1"}],"replies":[{"embeddable":true,"href":"https:\/\/blogdoedvaldomagalhaes.com.br\/index.php\/wp-json\/wp\/v2\/comments?post=2425"}],"version-history":[{"count":1,"href":"https:\/\/blogdoedvaldomagalhaes.com.br\/index.php\/wp-json\/wp\/v2\/posts\/2425\/revisions"}],"predecessor-version":[{"id":30814,"href":"https:\/\/blogdoedvaldomagalhaes.com.br\/index.php\/wp-json\/wp\/v2\/posts\/2425\/revisions\/30814"}],"wp:attachment":[{"href":"https:\/\/blogdoedvaldomagalhaes.com.br\/index.php\/wp-json\/wp\/v2\/media?parent=2425"}],"wp:term":[{"taxonomy":"category","embeddable":true,"href":"https:\/\/blogdoedvaldomagalhaes.com.br\/index.php\/wp-json\/wp\/v2\/categories?post=2425"},{"taxonomy":"post_tag","embeddable":true,"href":"https:\/\/blogdoedvaldomagalhaes.com.br\/index.php\/wp-json\/wp\/v2\/tags?post=2425"}],"curies":[{"name":"wp","href":"https:\/\/api.w.org\/{rel}","templated":true}]}}