{"id":2399,"date":"2018-05-18T13:47:00","date_gmt":"2018-05-18T16:47:00","guid":{"rendered":"http:\/\/blogdoedvaldomagalhaes.com.br\/index.php\/2018\/05\/18\/policia-apreende-quase-8-quilos-de\/"},"modified":"2019-02-09T02:14:36","modified_gmt":"2019-02-09T04:14:36","slug":"policia-apreende-quase-8-quilos-de","status":"publish","type":"post","link":"https:\/\/blogdoedvaldomagalhaes.com.br\/index.php\/2018\/05\/18\/policia-apreende-quase-8-quilos-de\/","title":{"rendered":"Pol\u00edcia apreende quase 8 quilos de maconha em Caruaru"},"content":{"rendered":"<div class=\"separator\" style=\"clear: both; text-align: center;\">\n<a href=\"https:\/\/4.bp.blogspot.com\/-mqvuKzLtFlE\/Wv7ZS1mB5LI\/AAAAAAAAxiE\/-u_Qq0X2NG0f99IID9BE5TEx6i7PHuPIgCLcBGAs\/s1600\/pm.jpg\" imageanchor=\"1\" style=\"margin-left: 1em; margin-right: 1em;\"><img loading=\"lazy\" decoding=\"async\" border=\"0\" data-original-height=\"266\" data-original-width=\"399\" height=\"426\" src=\"http:\/\/blogdoedvaldomagalhaes.com.br\/wp-content\/uploads\/2018\/05\/pm-2.jpg\" width=\"640\" \/><\/a><\/div>\n<div class=\"separator\" style=\"clear: both; text-align: center;\">\nFoto: PMPE\/Divulga\u00e7\u00e3o<\/div>\n<div class=\"separator\" style=\"clear: both; text-align: center;\">\n<\/div>\n<div style=\"background-color: white; box-sizing: border-box; line-height: 24px; margin-bottom: 10px; text-align: justify;\">\nUma grande quantidade de drogas foi apreendida nesta quinta-feira (17), em Caruaru, pelo N\u00facleo de Intelig\u00eancia do Agreste (NIA), Ca\u00e7a Homicida e Canil do BIEsp. Os policiais prenderam Stephanie Graffy Vasconcelos Freire, 27 anos, residente na Travessa Alexandrino de Alencar, bairro Salgado, e apreenderam uma menor de 17 anos.<\/div>\n<div style=\"background-color: white; box-sizing: border-box; line-height: 24px; margin-bottom: 10px; text-align: justify;\">\nOs policiais apreenderam 7 quilos e 700 gramas de maconha, uma pequena por\u00e7\u00e3o da droga, 3 pedras de crack e 76 areais em esp\u00e9cie. As suspeitas e a droga foram apresentadas na Delegacia de Plant\u00e3o.<\/div>\n<div style=\"background-color: white; box-sizing: border-box; line-height: 24px; margin-bottom: 10px; text-align: justify;\">\nEm outra a\u00e7\u00e3o policial, dois homens foram presos na Rua Manoel Jos\u00e9 da Silva, Alto da Balan\u00e7a. Hyago Alexandre da Silva Rodrigues, 20 anos, e Elton Jos\u00e9 dos Santos Pedrosa, 22, foram detidos com 29 pedras de crack.<\/div>\n","protected":false},"excerpt":{"rendered":"<p>Foto: PMPE\/Divulga\u00e7\u00e3o Uma grande quantidade de drogas foi apreendida nesta quinta-feira (17), em Caruaru, pelo N\u00facleo de Intelig\u00eancia do Agreste&hellip;<\/p>\n","protected":false},"author":1,"featured_media":0,"comment_status":"open","ping_status":"open","sticky":false,"template":"","format":"standard","meta":{"footnotes":""},"categories":[1],"tags":[2,2565,13],"class_list":["post-2399","post","type-post","status-publish","format-standard","hentry","category-sem-categoria","tag-blog-do-edvaldo-magalhaes","tag-policia-apreende-quase-8-quilos-de-maconha-em-caruaru","tag-policial"],"_links":{"self":[{"href":"https:\/\/blogdoedvaldomagalhaes.com.br\/index.php\/wp-json\/wp\/v2\/posts\/2399","targetHints":{"allow":["GET"]}}],"collection":[{"href":"https:\/\/blogdoedvaldomagalhaes.com.br\/index.php\/wp-json\/wp\/v2\/posts"}],"about":[{"href":"https:\/\/blogdoedvaldomagalhaes.com.br\/index.php\/wp-json\/wp\/v2\/types\/post"}],"author":[{"embeddable":true,"href":"https:\/\/blogdoedvaldomagalhaes.com.br\/index.php\/wp-json\/wp\/v2\/users\/1"}],"replies":[{"embeddable":true,"href":"https:\/\/blogdoedvaldomagalhaes.com.br\/index.php\/wp-json\/wp\/v2\/comments?post=2399"}],"version-history":[{"count":1,"href":"https:\/\/blogdoedvaldomagalhaes.com.br\/index.php\/wp-json\/wp\/v2\/posts\/2399\/revisions"}],"predecessor-version":[{"id":30876,"href":"https:\/\/blogdoedvaldomagalhaes.com.br\/index.php\/wp-json\/wp\/v2\/posts\/2399\/revisions\/30876"}],"wp:attachment":[{"href":"https:\/\/blogdoedvaldomagalhaes.com.br\/index.php\/wp-json\/wp\/v2\/media?parent=2399"}],"wp:term":[{"taxonomy":"category","embeddable":true,"href":"https:\/\/blogdoedvaldomagalhaes.com.br\/index.php\/wp-json\/wp\/v2\/categories?post=2399"},{"taxonomy":"post_tag","embeddable":true,"href":"https:\/\/blogdoedvaldomagalhaes.com.br\/index.php\/wp-json\/wp\/v2\/tags?post=2399"}],"curies":[{"name":"wp","href":"https:\/\/api.w.org\/{rel}","templated":true}]}}