{"id":2398,"date":"2018-05-18T13:53:00","date_gmt":"2018-05-18T16:53:00","guid":{"rendered":"http:\/\/blogdoedvaldomagalhaes.com.br\/index.php\/2018\/05\/18\/ministerio-do-trabalho-interdita_18\/"},"modified":"2019-02-09T02:14:37","modified_gmt":"2019-02-09T04:14:37","slug":"ministerio-do-trabalho-interdita_18","status":"publish","type":"post","link":"https:\/\/blogdoedvaldomagalhaes.com.br\/index.php\/2018\/05\/18\/ministerio-do-trabalho-interdita_18\/","title":{"rendered":"Minist\u00e9rio do Trabalho interdita Matadouro P\u00fablico de Belo Jardim"},"content":{"rendered":"<div class=\"separator\" style=\"clear: both; text-align: center;\">\n<a href=\"https:\/\/3.bp.blogspot.com\/--qAUdrSUNwc\/Wv7asYS7_RI\/AAAAAAAAxiQ\/sNG9MZIy1TkDShPorX312gJLF7bj5EgZwCLcBGAs\/s1600\/bj.jpg\" imageanchor=\"1\" style=\"margin-left: 1em; margin-right: 1em;\"><img loading=\"lazy\" decoding=\"async\" border=\"0\" data-original-height=\"768\" data-original-width=\"1024\" height=\"474\" src=\"http:\/\/blogdoedvaldomagalhaes.com.br\/wp-content\/uploads\/2018\/05\/bj.jpg\" width=\"640\" \/><\/a><\/div>\n<div class=\"separator\" style=\"clear: both; text-align: center;\">\nFoto: MTE\/Divulga\u00e7\u00e3o<\/div>\n<div style=\"background-color: white; border: 0px; margin-bottom: 1.5em; outline: 0px; padding: 0px; text-align: justify; vertical-align: baseline;\">\n<strong style=\"border: 0px; font-style: inherit; margin: 0px; outline: 0px; padding: 0px; vertical-align: baseline;\"><br \/><\/strong><\/div>\n<div style=\"background-color: white; border: 0px; margin-bottom: 1.5em; outline: 0px; padding: 0px; text-align: justify; vertical-align: baseline;\">\n<strong style=\"border: 0px; font-style: inherit; margin: 0px; outline: 0px; padding: 0px; vertical-align: baseline;\">NOTA OFICIAL<\/strong><\/div>\n<div style=\"background-color: white; border: 0px; margin-bottom: 1.5em; outline: 0px; padding: 0px; text-align: justify; vertical-align: baseline;\">\nO equipamento p\u00fablico foi interditado porque no momento da fiscaliza\u00e7\u00e3o foram observadas diversas irregularidades que poderiam ocasionar acidentes, graves e iminentes, aos trabalhadores que laboram no local.<\/div>\n<div style=\"background-color: white; border: 0px; margin-bottom: 1.5em; outline: 0px; padding: 0px; text-align: justify; vertical-align: baseline;\">\nEntres as principais irregularidades, destacam-se:<\/div>\n<div style=\"background-color: white; border: 0px; margin-bottom: 1.5em; outline: 0px; padding: 0px; text-align: justify; vertical-align: baseline;\">\n1. As instala\u00e7\u00f5es el\u00e9tricas apresentam-se prec\u00e1rias, com gambiarras, fia\u00e7\u00e3o exposta, com emendas, com riscos de acidentes em decorr\u00eancia de choques el\u00e9tricos.<\/div>\n<div style=\"background-color: white; border: 0px; margin-bottom: 1.5em; outline: 0px; padding: 0px; text-align: justify; vertical-align: baseline;\">\n2. Os trabalhadores n\u00e3o usavam quaisquer equipamentos de prote\u00e7\u00e3o individual, havendo contato direto, desses trabalhadores, com as v\u00edsceras, sangue e excremento dos animais, com riscos de adoecimento por contamina\u00e7\u00e3o por agentes biol\u00f3gicos.<\/div>\n<div style=\"background-color: white; border: 0px; margin-bottom: 1.5em; outline: 0px; padding: 0px; text-align: justify; vertical-align: baseline;\">\n3. O piso apresenta-se irregular, com aberturas e muito escorregadio, com riscos de acidentes por quedas.<\/div>\n<p><\/p>\n<div style=\"background-color: white; border: 0px; float: none; margin: 10px 0px; outline: 0px; padding: 0px; text-align: center; vertical-align: baseline;\">\n<a href=\"http:\/\/blogdomarioflavio.com.br\/vs1\/\" style=\"border: 0px; font-style: inherit; font-weight: inherit; margin: 0px; outline: 0px; padding: 0px; vertical-align: baseline;\"><\/a><\/div>\n<p><\/p>\n<div style=\"-webkit-text-stroke-width: 0px; background-color: white; border: 0px; font-style: normal; font-variant-caps: normal; font-variant-ligatures: normal; font-weight: 400; letter-spacing: normal; margin: 0px 0px 1.5em; orphans: 2; outline: 0px; padding: 0px; text-align: justify; text-decoration-color: initial; text-decoration-style: initial; text-indent: 0px; text-transform: none; vertical-align: baseline; white-space: normal; widows: 2; word-spacing: 0px;\">\nEm raz\u00e3o disso, as atividades de abate foram interditadas, at\u00e9 a completa adequa\u00e7\u00e3o, nos termos legais, quando ent\u00e3o ser\u00e1 promovida uma nova vistoria, pelo MTE.<\/div>\n","protected":false},"excerpt":{"rendered":"<p>Foto: MTE\/Divulga\u00e7\u00e3o NOTA OFICIAL O equipamento p\u00fablico foi interditado porque no momento da fiscaliza\u00e7\u00e3o foram observadas diversas irregularidades que poderiam&hellip;<\/p>\n","protected":false},"author":1,"featured_media":0,"comment_status":"open","ping_status":"open","sticky":false,"template":"","format":"standard","meta":{"footnotes":""},"categories":[1],"tags":[2,2564,6],"class_list":["post-2398","post","type-post","status-publish","format-standard","hentry","category-sem-categoria","tag-blog-do-edvaldo-magalhaes","tag-ministerio-do-trabalho-interdita-matadouro-publico-de-belo-jardim","tag-noticias"],"_links":{"self":[{"href":"https:\/\/blogdoedvaldomagalhaes.com.br\/index.php\/wp-json\/wp\/v2\/posts\/2398","targetHints":{"allow":["GET"]}}],"collection":[{"href":"https:\/\/blogdoedvaldomagalhaes.com.br\/index.php\/wp-json\/wp\/v2\/posts"}],"about":[{"href":"https:\/\/blogdoedvaldomagalhaes.com.br\/index.php\/wp-json\/wp\/v2\/types\/post"}],"author":[{"embeddable":true,"href":"https:\/\/blogdoedvaldomagalhaes.com.br\/index.php\/wp-json\/wp\/v2\/users\/1"}],"replies":[{"embeddable":true,"href":"https:\/\/blogdoedvaldomagalhaes.com.br\/index.php\/wp-json\/wp\/v2\/comments?post=2398"}],"version-history":[{"count":1,"href":"https:\/\/blogdoedvaldomagalhaes.com.br\/index.php\/wp-json\/wp\/v2\/posts\/2398\/revisions"}],"predecessor-version":[{"id":30878,"href":"https:\/\/blogdoedvaldomagalhaes.com.br\/index.php\/wp-json\/wp\/v2\/posts\/2398\/revisions\/30878"}],"wp:attachment":[{"href":"https:\/\/blogdoedvaldomagalhaes.com.br\/index.php\/wp-json\/wp\/v2\/media?parent=2398"}],"wp:term":[{"taxonomy":"category","embeddable":true,"href":"https:\/\/blogdoedvaldomagalhaes.com.br\/index.php\/wp-json\/wp\/v2\/categories?post=2398"},{"taxonomy":"post_tag","embeddable":true,"href":"https:\/\/blogdoedvaldomagalhaes.com.br\/index.php\/wp-json\/wp\/v2\/tags?post=2398"}],"curies":[{"name":"wp","href":"https:\/\/api.w.org\/{rel}","templated":true}]}}