{"id":2397,"date":"2018-05-18T14:03:00","date_gmt":"2018-05-18T17:03:00","guid":{"rendered":"http:\/\/blogdoedvaldomagalhaes.com.br\/index.php\/2018\/05\/18\/diretor-do-hospital-regional-do-agreste\/"},"modified":"2019-02-09T02:14:38","modified_gmt":"2019-02-09T04:14:38","slug":"diretor-do-hospital-regional-do-agreste","status":"publish","type":"post","link":"https:\/\/blogdoedvaldomagalhaes.com.br\/index.php\/2018\/05\/18\/diretor-do-hospital-regional-do-agreste\/","title":{"rendered":"Diretor do Hospital Regional do Agreste em Caruaru entrega o cargo"},"content":{"rendered":"<div class=\"separator\" style=\"clear: both; text-align: center;\">\n<a href=\"https:\/\/2.bp.blogspot.com\/-e9xx9DHLRWw\/Wv7dEK2FzMI\/AAAAAAAAxic\/MXk4OPpcNGgHJqyc2sTIYXoUxkIq9r7ewCLcBGAs\/s1600\/dr.jpg\" imageanchor=\"1\" style=\"margin-left: 1em; margin-right: 1em;\"><img loading=\"lazy\" decoding=\"async\" border=\"0\" data-original-height=\"433\" data-original-width=\"650\" height=\"426\" src=\"http:\/\/blogdoedvaldomagalhaes.com.br\/wp-content\/uploads\/2018\/05\/dr.jpg\" width=\"640\" \/><\/a><\/div>\n<div style=\"background-color: white; border: 0px; margin-bottom: 1.5em; outline: 0px; padding: 0px; text-align: justify; vertical-align: baseline;\">\n<\/div>\n<div style=\"background-color: white; border: 0px; margin-bottom: 1.5em; outline: 0px; padding: 0px; text-align: justify; vertical-align: baseline;\">\nO m\u00e9dico Giovani Thiago assumiu o cargo de diretor do Hospital Regional do Agreste (HRA), no dia 16 de outubro de 2015, e na tarde dessa quinta-feira (17) por meio de um comunicado a grupos de amigos no WhatsApp, ele confirmou que entregou o cargo, e vai aguardar apenas, a nomea\u00e7\u00e3o do substituto. Giovani Thiago assumiu a dire\u00e7\u00e3o da unidade hospitalar no lugar de Jos\u00e9 Bezerra Bodoc\u00f3, que havia pedido desligamento na \u00e9poca.&nbsp;&nbsp;<\/div>\n<div style=\"background-color: white; border: 0px; margin-bottom: 1.5em; outline: 0px; padding: 0px; text-align: justify; vertical-align: baseline;\">\nLeia o comunicado abaixo:<\/div>\n<div style=\"background-color: white; border: 0px; margin-bottom: 1.5em; outline: 0px; padding: 0px; text-align: justify; vertical-align: baseline;\">\n\u201cCaros amigos comunico que precisei solicitar o afastamento da dire\u00e7\u00e3o geral do HRA que tanto me orgulho. Obrigado pela dedica\u00e7\u00e3o, perdoem minhas falhas e acreditem fiz o meu melhor poss\u00edvel. Desejo toda a sorte do mundo para a nova equipe. PAZ E SA\u00daDE.<\/div>\n<p><\/p>\n<div style=\"background-color: white; border: 0px; float: none; margin: 0px; outline: 0px; padding: 0px; vertical-align: baseline;\">\n<a href=\"http:\/\/www.pe.gov.br\/\" style=\"border: 0px; font-style: inherit; font-weight: inherit; margin: 0px; outline: 0px; padding: 0px; vertical-align: baseline;\"><\/a><\/div>\n<p><\/p>\n<div style=\"-webkit-text-stroke-width: 0px; background-color: white; border: 0px; font-style: normal; font-variant-caps: normal; font-variant-ligatures: normal; font-weight: 400; letter-spacing: normal; margin: 0px 0px 1.5em; orphans: 2; outline: 0px; padding: 0px; text-align: justify; text-decoration-color: initial; text-decoration-style: initial; text-indent: 0px; text-transform: none; vertical-align: baseline; white-space: normal; widows: 2; word-spacing: 0px;\">\nGIOVANI THIAGO CARDOSO DE SOUZA\u201d.<\/div>\n","protected":false},"excerpt":{"rendered":"<p>O m\u00e9dico Giovani Thiago assumiu o cargo de diretor do Hospital Regional do Agreste (HRA), no dia 16 de outubro&hellip;<\/p>\n","protected":false},"author":1,"featured_media":0,"comment_status":"open","ping_status":"open","sticky":false,"template":"","format":"standard","meta":{"footnotes":""},"categories":[1],"tags":[2,2562,2563,2083,6],"class_list":["post-2397","post","type-post","status-publish","format-standard","hentry","category-sem-categoria","tag-blog-do-edvaldo-magalhaes","tag-diretor-do-hospital-regional-do-agreste-em-caruaru-entrega-o-cargo","tag-giovani-thiago-cardoso-de-souza","tag-hra","tag-noticias"],"_links":{"self":[{"href":"https:\/\/blogdoedvaldomagalhaes.com.br\/index.php\/wp-json\/wp\/v2\/posts\/2397","targetHints":{"allow":["GET"]}}],"collection":[{"href":"https:\/\/blogdoedvaldomagalhaes.com.br\/index.php\/wp-json\/wp\/v2\/posts"}],"about":[{"href":"https:\/\/blogdoedvaldomagalhaes.com.br\/index.php\/wp-json\/wp\/v2\/types\/post"}],"author":[{"embeddable":true,"href":"https:\/\/blogdoedvaldomagalhaes.com.br\/index.php\/wp-json\/wp\/v2\/users\/1"}],"replies":[{"embeddable":true,"href":"https:\/\/blogdoedvaldomagalhaes.com.br\/index.php\/wp-json\/wp\/v2\/comments?post=2397"}],"version-history":[{"count":1,"href":"https:\/\/blogdoedvaldomagalhaes.com.br\/index.php\/wp-json\/wp\/v2\/posts\/2397\/revisions"}],"predecessor-version":[{"id":30880,"href":"https:\/\/blogdoedvaldomagalhaes.com.br\/index.php\/wp-json\/wp\/v2\/posts\/2397\/revisions\/30880"}],"wp:attachment":[{"href":"https:\/\/blogdoedvaldomagalhaes.com.br\/index.php\/wp-json\/wp\/v2\/media?parent=2397"}],"wp:term":[{"taxonomy":"category","embeddable":true,"href":"https:\/\/blogdoedvaldomagalhaes.com.br\/index.php\/wp-json\/wp\/v2\/categories?post=2397"},{"taxonomy":"post_tag","embeddable":true,"href":"https:\/\/blogdoedvaldomagalhaes.com.br\/index.php\/wp-json\/wp\/v2\/tags?post=2397"}],"curies":[{"name":"wp","href":"https:\/\/api.w.org\/{rel}","templated":true}]}}