{"id":2392,"date":"2018-05-18T16:29:00","date_gmt":"2018-05-18T19:29:00","guid":{"rendered":"http:\/\/blogdoedvaldomagalhaes.com.br\/index.php\/2018\/05\/18\/veiculo-carregado-de-tecidos-capota-na\/"},"modified":"2019-02-09T02:14:44","modified_gmt":"2019-02-09T04:14:44","slug":"veiculo-carregado-de-tecidos-capota-na","status":"publish","type":"post","link":"https:\/\/blogdoedvaldomagalhaes.com.br\/index.php\/2018\/05\/18\/veiculo-carregado-de-tecidos-capota-na\/","title":{"rendered":"Ve\u00edculo carregado de tecidos capota na PE-160"},"content":{"rendered":"<div class=\"separator\" style=\"clear: both; text-align: center;\">\n<a href=\"https:\/\/1.bp.blogspot.com\/-JHDQeg6X4RM\/Wv799V7SfBI\/AAAAAAAAxks\/jFD1tk6s9CYIEPmTtmBb8SL1AF7KRxq6gCLcBGAs\/s1600\/1.jpg\" imageanchor=\"1\" style=\"margin-left: 1em; margin-right: 1em;\"><img loading=\"lazy\" decoding=\"async\" border=\"0\" data-original-height=\"541\" data-original-width=\"960\" height=\"360\" src=\"http:\/\/blogdoedvaldomagalhaes.com.br\/wp-content\/uploads\/2018\/05\/1-13.jpg\" width=\"640\" \/><\/a><\/div>\n<div class=\"separator\" style=\"clear: both; text-align: center;\">\nFotos: WhatsApp\/Cortesia<\/div>\n<p><\/p>\n<div class=\"separator\" style=\"clear: both; text-align: center;\">\n<a href=\"https:\/\/2.bp.blogspot.com\/-mc8bmOHB2_s\/Wv79-Xd1N4I\/AAAAAAAAxkw\/PIElFwohmKsJaLB0dGopoi30cZzULCf4wCLcBGAs\/s1600\/3.jpg\" imageanchor=\"1\" style=\"margin-left: 1em; margin-right: 1em;\"><img loading=\"lazy\" decoding=\"async\" border=\"0\" data-original-height=\"541\" data-original-width=\"960\" height=\"360\" src=\"http:\/\/blogdoedvaldomagalhaes.com.br\/wp-content\/uploads\/2018\/05\/3-7.jpg\" width=\"640\" \/><\/a><\/div>\n<p><\/p>\n<div class=\"separator\" style=\"clear: both; text-align: center;\">\n<a href=\"https:\/\/3.bp.blogspot.com\/-2K7YTcl5cfM\/Wv79_Rq9OoI\/AAAAAAAAxk0\/5IpOb8GQ8S0jawViCs5DljqLzo3Eaw5fACLcBGAs\/s1600\/2.jpg\" imageanchor=\"1\" style=\"margin-left: 1em; margin-right: 1em;\"><img loading=\"lazy\" decoding=\"async\" border=\"0\" data-original-height=\"960\" data-original-width=\"720\" height=\"640\" src=\"http:\/\/blogdoedvaldomagalhaes.com.br\/wp-content\/uploads\/2018\/05\/2-9.jpg\" width=\"480\" \/><\/a><\/div>\n<div style=\"background-color: white; color: #1d2129; font-family: Helvetica, Arial, sans-serif; font-size: 14px; margin-bottom: 6px;\">\n<\/div>\n<div style=\"background-color: white; margin-bottom: 6px; text-align: justify;\">\nUm ve\u00edculo D20 de placas KHV-4179 carregado de tecidos, capotou na manh\u00e3 desta sexta-feira (18), na PE-160, em Santa Cruz do Capibaribe. Segundo informa\u00e7\u00f5es um pneu dianteiro estourou e causou o acidente, mas ningu\u00e9m se feriu gravemente, apenas algumas escoria\u00e7\u00f5es nos dois ocupantes do ve\u00edculo.&nbsp;<\/p>\n<p>Veja abaixo um v\u00eddeo de grupo de Whatsapp:<\/p>\n<div class=\"separator\" style=\"clear: both; text-align: center;\">\n<\/div>\n<p><\/div>\n","protected":false},"excerpt":{"rendered":"<p>Fotos: WhatsApp\/Cortesia Um ve\u00edculo D20 de placas KHV-4179 carregado de tecidos, capotou na manh\u00e3 desta sexta-feira (18), na PE-160, em&hellip;<\/p>\n","protected":false},"author":1,"featured_media":0,"comment_status":"open","ping_status":"open","sticky":false,"template":"","format":"standard","meta":{"footnotes":""},"categories":[1],"tags":[2,6,2556,2557],"class_list":["post-2392","post","type-post","status-publish","format-standard","hentry","category-sem-categoria","tag-blog-do-edvaldo-magalhaes","tag-noticias","tag-veiculo-carregado-de-tecidos-capota-na-pe-160","tag-volta-do-serrote"],"_links":{"self":[{"href":"https:\/\/blogdoedvaldomagalhaes.com.br\/index.php\/wp-json\/wp\/v2\/posts\/2392","targetHints":{"allow":["GET"]}}],"collection":[{"href":"https:\/\/blogdoedvaldomagalhaes.com.br\/index.php\/wp-json\/wp\/v2\/posts"}],"about":[{"href":"https:\/\/blogdoedvaldomagalhaes.com.br\/index.php\/wp-json\/wp\/v2\/types\/post"}],"author":[{"embeddable":true,"href":"https:\/\/blogdoedvaldomagalhaes.com.br\/index.php\/wp-json\/wp\/v2\/users\/1"}],"replies":[{"embeddable":true,"href":"https:\/\/blogdoedvaldomagalhaes.com.br\/index.php\/wp-json\/wp\/v2\/comments?post=2392"}],"version-history":[{"count":1,"href":"https:\/\/blogdoedvaldomagalhaes.com.br\/index.php\/wp-json\/wp\/v2\/posts\/2392\/revisions"}],"predecessor-version":[{"id":30902,"href":"https:\/\/blogdoedvaldomagalhaes.com.br\/index.php\/wp-json\/wp\/v2\/posts\/2392\/revisions\/30902"}],"wp:attachment":[{"href":"https:\/\/blogdoedvaldomagalhaes.com.br\/index.php\/wp-json\/wp\/v2\/media?parent=2392"}],"wp:term":[{"taxonomy":"category","embeddable":true,"href":"https:\/\/blogdoedvaldomagalhaes.com.br\/index.php\/wp-json\/wp\/v2\/categories?post=2392"},{"taxonomy":"post_tag","embeddable":true,"href":"https:\/\/blogdoedvaldomagalhaes.com.br\/index.php\/wp-json\/wp\/v2\/tags?post=2392"}],"curies":[{"name":"wp","href":"https:\/\/api.w.org\/{rel}","templated":true}]}}