{"id":239,"date":"2019-01-12T01:01:00","date_gmt":"2019-01-12T03:01:00","guid":{"rendered":"http:\/\/blogdoedvaldomagalhaes.com.br\/index.php\/2019\/01\/12\/tentativa-de-homicidio-perto-de-escola\/"},"modified":"2019-02-09T02:49:05","modified_gmt":"2019-02-09T04:49:05","slug":"tentativa-de-homicidio-perto-de-escola","status":"publish","type":"post","link":"https:\/\/blogdoedvaldomagalhaes.com.br\/index.php\/2019\/01\/12\/tentativa-de-homicidio-perto-de-escola\/","title":{"rendered":"Tentativa de homic\u00eddio perto de escola em Caruaru"},"content":{"rendered":"<div class=\"separator\" style=\"clear: both; text-align: center;\">\n<\/div>\n<p><a href=\"https:\/\/1.bp.blogspot.com\/-zWd2nAhDY-Q\/XDk65BkrLsI\/AAAAAAABA-g\/nIh9Wm7xkoEpOInQVMzHzBsUl4IuJqhbgCLcBGAs\/s1600\/homicidio.jpg\" imageanchor=\"1\" style=\"margin-left: 1em; margin-right: 1em; text-align: center;\"><img loading=\"lazy\" decoding=\"async\" border=\"0\" data-original-height=\"500\" data-original-width=\"800\" height=\"400\" src=\"http:\/\/blogdoedvaldomagalhaes.com.br\/wp-content\/uploads\/2019\/01\/homicidio.jpg\" width=\"640\" \/><\/a><\/p>\n<div style=\"text-align: justify;\">\nA tentativa de homic\u00eddio, ocorreu na noite desta sexta-feira (11), na rua Santa Luzia, que fica pr\u00f3xima a Escola Padre Zacarias Tavares, no bairro Salgado, em Caruaru. A vitima foi o homossexual Michael Douglas da Silva, conhecido como Dod\u00f4, atingido por quatro disparos de arma de fogo, sendo dois na barriga, um no bra\u00e7o e outro na perna. A v\u00edtima foi socorrido pelo SAMU para o Hospital Regional do Agreste. Segundo informa\u00e7\u00f5es da policia, um carro de cor vermelha teria se aproximado da v\u00edtima e um dos ocupantes efetuou os disparos de arma de fogo.&nbsp;<\/p>\n<div class=\"separator\" style=\"clear: both; text-align: center;\">\n<a href=\"https:\/\/4.bp.blogspot.com\/-gs7N6DES3rY\/XDk_MLIa02I\/AAAAAAABA-s\/J0ckSOreojEUxtx4RmXum8kxZ70Yb2f4QCLcBGAs\/s1600\/IMG-20190111-WA0103.jpg\" imageanchor=\"1\" style=\"margin-left: 1em; margin-right: 1em;\"><img loading=\"lazy\" decoding=\"async\" border=\"0\" data-original-height=\"960\" data-original-width=\"356\" height=\"640\" src=\"http:\/\/blogdoedvaldomagalhaes.com.br\/wp-content\/uploads\/2019\/01\/IMG-20190111-WA0103.jpg\" width=\"236\" \/><\/a><\/div>\n<p><\/div>\n","protected":false},"excerpt":{"rendered":"<p>A tentativa de homic\u00eddio, ocorreu na noite desta sexta-feira (11), na rua Santa Luzia, que fica pr\u00f3xima a Escola Padre&hellip;<\/p>\n","protected":false},"author":1,"featured_media":0,"comment_status":"open","ping_status":"open","sticky":false,"template":"","format":"standard","meta":{"footnotes":""},"categories":[1],"tags":[250,2,13],"class_list":["post-239","post","type-post","status-publish","format-standard","hentry","category-sem-categoria","tag-faculdade-na-comunidade-leva-servicos-de-saude-gratuitos-a-populacao-nesta-quarta-feira-26","tag-blog-do-edvaldo-magalhaes","tag-policial"],"_links":{"self":[{"href":"https:\/\/blogdoedvaldomagalhaes.com.br\/index.php\/wp-json\/wp\/v2\/posts\/239","targetHints":{"allow":["GET"]}}],"collection":[{"href":"https:\/\/blogdoedvaldomagalhaes.com.br\/index.php\/wp-json\/wp\/v2\/posts"}],"about":[{"href":"https:\/\/blogdoedvaldomagalhaes.com.br\/index.php\/wp-json\/wp\/v2\/types\/post"}],"author":[{"embeddable":true,"href":"https:\/\/blogdoedvaldomagalhaes.com.br\/index.php\/wp-json\/wp\/v2\/users\/1"}],"replies":[{"embeddable":true,"href":"https:\/\/blogdoedvaldomagalhaes.com.br\/index.php\/wp-json\/wp\/v2\/comments?post=239"}],"version-history":[{"count":1,"href":"https:\/\/blogdoedvaldomagalhaes.com.br\/index.php\/wp-json\/wp\/v2\/posts\/239\/revisions"}],"predecessor-version":[{"id":37409,"href":"https:\/\/blogdoedvaldomagalhaes.com.br\/index.php\/wp-json\/wp\/v2\/posts\/239\/revisions\/37409"}],"wp:attachment":[{"href":"https:\/\/blogdoedvaldomagalhaes.com.br\/index.php\/wp-json\/wp\/v2\/media?parent=239"}],"wp:term":[{"taxonomy":"category","embeddable":true,"href":"https:\/\/blogdoedvaldomagalhaes.com.br\/index.php\/wp-json\/wp\/v2\/categories?post=239"},{"taxonomy":"post_tag","embeddable":true,"href":"https:\/\/blogdoedvaldomagalhaes.com.br\/index.php\/wp-json\/wp\/v2\/tags?post=239"}],"curies":[{"name":"wp","href":"https:\/\/api.w.org\/{rel}","templated":true}]}}