{"id":2389,"date":"2018-05-18T23:04:00","date_gmt":"2018-05-19T02:04:00","guid":{"rendered":"http:\/\/blogdoedvaldomagalhaes.com.br\/index.php\/2018\/05\/18\/confirmado-mais-um-homicidio-em-caruaru\/"},"modified":"2019-02-09T02:14:54","modified_gmt":"2019-02-09T04:14:54","slug":"confirmado-mais-um-homicidio-em-caruaru","status":"publish","type":"post","link":"https:\/\/blogdoedvaldomagalhaes.com.br\/index.php\/2018\/05\/18\/confirmado-mais-um-homicidio-em-caruaru\/","title":{"rendered":"Confirmado mais um homic\u00eddio em Caruaru: v\u00edtima de tiros em Cachoeira Seca morre no HRA"},"content":{"rendered":"<div class=\"separator\" style=\"clear: both; text-align: center;\">\n<a href=\"https:\/\/4.bp.blogspot.com\/-zlS1zXs6AWk\/Wv9brY0xUvI\/AAAAAAAAxnQ\/5YyEslDOk20ULyQyTwA9I3JLSPTATMoKgCLcBGAs\/s1600\/vitima.jpg\" imageanchor=\"1\" style=\"margin-left: 1em; margin-right: 1em;\"><img loading=\"lazy\" decoding=\"async\" border=\"0\" data-original-height=\"480\" data-original-width=\"480\" height=\"640\" src=\"http:\/\/blogdoedvaldomagalhaes.com.br\/wp-content\/uploads\/2018\/05\/vitima.jpg\" width=\"640\" \/><\/a><\/div>\n<div class=\"separator\" style=\"clear: both; text-align: center;\">\nFoto: WhatsApp\/Cortesia<\/div>\n<div style=\"text-align: justify;\">\nO costureiro Esteven Igor da Silva, conhecido por Nino, de 27 anos de idade, que residia no s\u00edtio Riacho Seco, estava se dirigindo para o trabalho na manh\u00e3 desta sexta-feira (18), e quando passava em sua bicicleta no s\u00edtio Cachoeira Seca, 2\u00ba distrito de Caruaru, foi surpreendido por dois indiv\u00edduos em uma moto, que efetuaram v\u00e1rios disparos contra a v\u00edtima, que foi atingida na cabe\u00e7a, sendo socorrida pela Samu para o Hospital Regional do Agreste em estado grave, n\u00e3o resistindo aos ferimentos e falecendo no HRA.&nbsp;<\/div>\n<div style=\"text-align: justify;\">\n<\/div>\n<div style=\"text-align: justify;\">\nDe acordo com familiares, era uma boa pessoa, estava separado, e quando ele ingeria bebida alco\u00f3lica se envolvia em confus\u00e3o, e nessa quinta-feira (17), se envolveu em mais uma confus\u00e3o.<\/div>\n<div style=\"text-align: justify;\">\n<\/div>\n<div style=\"text-align: justify;\">\nEste foi o 9\u00ba homic\u00eddio no m\u00eas de maio e 77\u00ba no ano em Caruaru.<\/div>\n","protected":false},"excerpt":{"rendered":"<p>Foto: WhatsApp\/Cortesia O costureiro Esteven Igor da Silva, conhecido por Nino, de 27 anos de idade, que residia no s\u00edtio&hellip;<\/p>\n","protected":false},"author":1,"featured_media":0,"comment_status":"open","ping_status":"open","sticky":false,"template":"","format":"standard","meta":{"footnotes":""},"categories":[1],"tags":[2,2554,13],"class_list":["post-2389","post","type-post","status-publish","format-standard","hentry","category-sem-categoria","tag-blog-do-edvaldo-magalhaes","tag-confirmado-mais-um-homicidio-em-caruaru-vitima-de-tiros-em-cachoeira-seca-morre-no-hra","tag-policial"],"_links":{"self":[{"href":"https:\/\/blogdoedvaldomagalhaes.com.br\/index.php\/wp-json\/wp\/v2\/posts\/2389","targetHints":{"allow":["GET"]}}],"collection":[{"href":"https:\/\/blogdoedvaldomagalhaes.com.br\/index.php\/wp-json\/wp\/v2\/posts"}],"about":[{"href":"https:\/\/blogdoedvaldomagalhaes.com.br\/index.php\/wp-json\/wp\/v2\/types\/post"}],"author":[{"embeddable":true,"href":"https:\/\/blogdoedvaldomagalhaes.com.br\/index.php\/wp-json\/wp\/v2\/users\/1"}],"replies":[{"embeddable":true,"href":"https:\/\/blogdoedvaldomagalhaes.com.br\/index.php\/wp-json\/wp\/v2\/comments?post=2389"}],"version-history":[{"count":1,"href":"https:\/\/blogdoedvaldomagalhaes.com.br\/index.php\/wp-json\/wp\/v2\/posts\/2389\/revisions"}],"predecessor-version":[{"id":30915,"href":"https:\/\/blogdoedvaldomagalhaes.com.br\/index.php\/wp-json\/wp\/v2\/posts\/2389\/revisions\/30915"}],"wp:attachment":[{"href":"https:\/\/blogdoedvaldomagalhaes.com.br\/index.php\/wp-json\/wp\/v2\/media?parent=2389"}],"wp:term":[{"taxonomy":"category","embeddable":true,"href":"https:\/\/blogdoedvaldomagalhaes.com.br\/index.php\/wp-json\/wp\/v2\/categories?post=2389"},{"taxonomy":"post_tag","embeddable":true,"href":"https:\/\/blogdoedvaldomagalhaes.com.br\/index.php\/wp-json\/wp\/v2\/tags?post=2389"}],"curies":[{"name":"wp","href":"https:\/\/api.w.org\/{rel}","templated":true}]}}