{"id":2388,"date":"2018-05-19T11:58:00","date_gmt":"2018-05-19T14:58:00","guid":{"rendered":"http:\/\/blogdoedvaldomagalhaes.com.br\/index.php\/2018\/05\/19\/gasolina-e-diesel-devem-sofrer-novo\/"},"modified":"2019-02-09T02:14:54","modified_gmt":"2019-02-09T04:14:54","slug":"gasolina-e-diesel-devem-sofrer-novo","status":"publish","type":"post","link":"https:\/\/blogdoedvaldomagalhaes.com.br\/index.php\/2018\/05\/19\/gasolina-e-diesel-devem-sofrer-novo\/","title":{"rendered":"Gasolina e diesel devem sofrer novo aumento nos pre\u00e7os a partir deste s\u00e1bado"},"content":{"rendered":"<div class=\"separator\" style=\"clear: both; text-align: center;\">\n<a href=\"https:\/\/4.bp.blogspot.com\/-lR7SCQXD4o4\/WwARRkv4lXI\/AAAAAAAAxn0\/spS0Egc2LsoiJoCfVp-RFHigVPlocHLaACLcBGAs\/s1600\/posto.jpg\" imageanchor=\"1\" style=\"margin-left: 1em; margin-right: 1em;\"><img loading=\"lazy\" decoding=\"async\" border=\"0\" data-original-height=\"281\" data-original-width=\"500\" height=\"354\" src=\"http:\/\/blogdoedvaldomagalhaes.com.br\/wp-content\/uploads\/2018\/05\/posto.jpg\" width=\"640\" \/><\/a><\/div>\n<div style=\"background-color: white; box-sizing: border-box; line-height: 24px; margin-bottom: 10px; text-align: justify;\">\n<\/div>\n<div style=\"background-color: white; box-sizing: border-box; line-height: 24px; margin-bottom: 10px; text-align: justify;\">\nA partir deste s\u00e1bado (19), os pre\u00e7os de alguns combust\u00edveis devem sofrer mais um reajuste pela Petrobras. O diesel, por exemplo, deve registrar alta de 0,80%, enquanto a gasolina pode subir 1,34% nas refinarias.<\/div>\n<div style=\"background-color: white; box-sizing: border-box; line-height: 24px; margin-bottom: 10px; text-align: justify;\">\nDessa forma, os brasileiros sentem no bolso o quinto dia seguido de reajuste nos valores dos produtos da categoria. A informa\u00e7\u00e3o foi repassada pela pr\u00f3pria estatal, por meio de comunicado divulgado nesta sexta-feira (18).<\/div>\n<div style=\"background-color: white; box-sizing: border-box; line-height: 24px; margin-bottom: 10px; text-align: justify;\">\nAo longo da semana, o acumulado chega a 5,98% nos pre\u00e7os do diesel e, de 6,98% na gasolina. Segundo a petroleira, a decis\u00e3o de aumentar o valor dos combust\u00edveis nas bombas \u00e9 dos postos de abastecimento.<\/div>\n<div style=\"background-color: white; box-sizing: border-box; line-height: 24px; margin-bottom: 10px; text-align: justify;\">\nSobre as constantes altas nos pre\u00e7os, o ministro de Minas e Energia, Moreira Franco, disse nesta sexta que vai conversar com a Petrobras para avaliar o novo modelo de pol\u00edtica de pre\u00e7os. Segundo o titular da pasta, os valores est\u00e3o \u201csubindo demais\u201d.<\/div>\n<p><\/p>\n<div style=\"background-color: white; box-sizing: border-box; line-height: 24px; margin-bottom: 10px; text-align: justify;\">\n<\/div>\n<div style=\"background-color: white; box-sizing: border-box; line-height: 24px; margin-bottom: 10px; text-align: justify;\">\n<\/div>\n<div style=\"background-color: white; box-sizing: border-box; line-height: 24px; margin-bottom: 10px; text-align: justify;\">\n<\/div>\n<p><\/p>\n<div style=\"-webkit-text-stroke-width: 0px; background-color: white; box-sizing: border-box; font-style: normal; font-variant-caps: normal; font-variant-ligatures: normal; font-weight: 400; letter-spacing: normal; line-height: 24px; margin: 0px 0px 10px; orphans: 2; text-align: justify; text-decoration-color: initial; text-decoration-style: initial; text-indent: 0px; text-transform: none; white-space: normal; widows: 2; word-spacing: 0px;\">\nDesde julho do ano passado, a Petrobras adota um novo formato na pol\u00edtica de ajuste de pre\u00e7os e acompanha a escalada internacional. Essa sequ\u00eancia de eleva\u00e7\u00e3o dos valores se d\u00e1 em meio disparada nos pre\u00e7os internacionais do petr\u00f3leo.<\/div>\n<div style=\"-webkit-text-stroke-width: 0px; background-color: white; box-sizing: border-box; font-style: normal; font-variant-caps: normal; font-variant-ligatures: normal; font-weight: 400; letter-spacing: normal; line-height: 24px; margin: 0px 0px 10px; orphans: 2; text-align: justify; text-decoration-color: initial; text-decoration-style: initial; text-indent: 0px; text-transform: none; white-space: normal; widows: 2; word-spacing: 0px;\">\nFonte: R\u00e1dio Liberdade.<\/div>\n","protected":false},"excerpt":{"rendered":"<p>A partir deste s\u00e1bado (19), os pre\u00e7os de alguns combust\u00edveis devem sofrer mais um reajuste pela Petrobras. O diesel, por&hellip;<\/p>\n","protected":false},"author":1,"featured_media":0,"comment_status":"open","ping_status":"open","sticky":false,"template":"","format":"standard","meta":{"footnotes":""},"categories":[1],"tags":[2,2553,6],"class_list":["post-2388","post","type-post","status-publish","format-standard","hentry","category-sem-categoria","tag-blog-do-edvaldo-magalhaes","tag-gasolina-e-diesel-devem-sofrer-novo-aumento-nos-precos-a-partir-deste-sabado","tag-noticias"],"_links":{"self":[{"href":"https:\/\/blogdoedvaldomagalhaes.com.br\/index.php\/wp-json\/wp\/v2\/posts\/2388","targetHints":{"allow":["GET"]}}],"collection":[{"href":"https:\/\/blogdoedvaldomagalhaes.com.br\/index.php\/wp-json\/wp\/v2\/posts"}],"about":[{"href":"https:\/\/blogdoedvaldomagalhaes.com.br\/index.php\/wp-json\/wp\/v2\/types\/post"}],"author":[{"embeddable":true,"href":"https:\/\/blogdoedvaldomagalhaes.com.br\/index.php\/wp-json\/wp\/v2\/users\/1"}],"replies":[{"embeddable":true,"href":"https:\/\/blogdoedvaldomagalhaes.com.br\/index.php\/wp-json\/wp\/v2\/comments?post=2388"}],"version-history":[{"count":1,"href":"https:\/\/blogdoedvaldomagalhaes.com.br\/index.php\/wp-json\/wp\/v2\/posts\/2388\/revisions"}],"predecessor-version":[{"id":30917,"href":"https:\/\/blogdoedvaldomagalhaes.com.br\/index.php\/wp-json\/wp\/v2\/posts\/2388\/revisions\/30917"}],"wp:attachment":[{"href":"https:\/\/blogdoedvaldomagalhaes.com.br\/index.php\/wp-json\/wp\/v2\/media?parent=2388"}],"wp:term":[{"taxonomy":"category","embeddable":true,"href":"https:\/\/blogdoedvaldomagalhaes.com.br\/index.php\/wp-json\/wp\/v2\/categories?post=2388"},{"taxonomy":"post_tag","embeddable":true,"href":"https:\/\/blogdoedvaldomagalhaes.com.br\/index.php\/wp-json\/wp\/v2\/tags?post=2388"}],"curies":[{"name":"wp","href":"https:\/\/api.w.org\/{rel}","templated":true}]}}