{"id":2387,"date":"2018-05-19T12:00:00","date_gmt":"2018-05-19T15:00:00","guid":{"rendered":"http:\/\/blogdoedvaldomagalhaes.com.br\/index.php\/2018\/05\/19\/detentos-de-tacaimbo-se-casam-e\/"},"modified":"2019-02-09T02:14:55","modified_gmt":"2019-02-09T04:14:55","slug":"detentos-de-tacaimbo-se-casam-e","status":"publish","type":"post","link":"https:\/\/blogdoedvaldomagalhaes.com.br\/index.php\/2018\/05\/19\/detentos-de-tacaimbo-se-casam-e\/","title":{"rendered":"Detentos de Tacaimb\u00f3 se casam em cerim\u00f4nia religiosa"},"content":{"rendered":"<div class=\"separator\" style=\"clear: both; text-align: center;\">\n<a href=\"https:\/\/1.bp.blogspot.com\/-vtJyBlzvL4M\/WwAR3lFvQ9I\/AAAAAAAAxn8\/EKbxcc0SLskp4M3J9euHKKgjbWCwxLoVwCLcBGAs\/s1600\/seres.jpg\" imageanchor=\"1\" style=\"margin-left: 1em; margin-right: 1em;\"><img loading=\"lazy\" decoding=\"async\" border=\"0\" data-original-height=\"332\" data-original-width=\"500\" height=\"424\" src=\"http:\/\/blogdoedvaldomagalhaes.com.br\/wp-content\/uploads\/2018\/05\/seres.jpg\" width=\"640\" \/><\/a><\/div>\n<div class=\"separator\" style=\"clear: both; text-align: center;\">\nFoto: M\u00e1rcia Galindo\/Seres<\/div>\n<div style=\"background-color: white; box-sizing: border-box; line-height: 24px; margin-bottom: 10px; text-align: justify;\">\n<\/div>\n<div style=\"background-color: white; box-sizing: border-box; line-height: 24px; margin-bottom: 10px; text-align: justify;\">\nO fato de estarem cumprindo pena em regime fechado, n\u00e3o impediu que 17 detentos da Penitenci\u00e1ria de Tacaimb\u00f3, Agreste do Estado, realizassem o sonho de casar. A cerim\u00f4nia coletiva ocorreu nesta sexta (18\/05) num pavilh\u00e3o da unidade prisional.<\/div>\n<div style=\"background-color: white; box-sizing: border-box; line-height: 24px; margin-bottom: 10px; text-align: justify;\">\nO M\u00eas das Noivas se fez presente para os 17 casais que vivenciaram o momento com direito \u00e0 celebra\u00e7\u00e3o proferida pela Igreja Universal do Reino de Deus, trajes tradicionais, alian\u00e7as, bolo e quatro convidados para cada par. O corredor do pavilh\u00e3o se transformou em um espa\u00e7o cheio de flores para receb\u00ea-los.<\/div>\n<div style=\"background-color: white; box-sizing: border-box; line-height: 24px; margin-bottom: 10px; text-align: justify;\">\nO reeducando Everton Vicente da Silva acredita que se estivesse fora da penitenci\u00e1ria n\u00e3o teria se casado. \u201cMuita coisa l\u00e1 fora podia impedir que eu me casasse de novo, mas gra\u00e7as a Deus tive essa oportunidade de construir minha fam\u00edlia novamente, mesmo preso, mas com sentido de vencer e crescer na vida\u201d, afirma.<\/div>\n<div style=\"background-color: white; box-sizing: border-box; line-height: 24px; margin-bottom: 10px; text-align: justify;\">\n\u201cOferecer esse momento aos reeducandos \u00e9 uma preocupa\u00e7\u00e3o da unidade prisional pois al\u00e9m de deix\u00e1-los felizes, promove uma maior tranquilidade na cadeia\u201d, afirma o gerente da Penitenci\u00e1ria, Felippe Diniz.<\/div>\n<div style=\"background-color: white; box-sizing: border-box; line-height: 24px; margin-bottom: 10px; text-align: justify;\">\nO secret\u00e1rio-executivo de Ressocializa\u00e7\u00e3o, C\u00edcero Rodrigues, foi representado pelo superintendente de Seguran\u00e7a Penitenci\u00e1ria, Clinton Paiva.<\/div>\n","protected":false},"excerpt":{"rendered":"<p>Foto: M\u00e1rcia Galindo\/Seres O fato de estarem cumprindo pena em regime fechado, n\u00e3o impediu que 17 detentos da Penitenci\u00e1ria de&hellip;<\/p>\n","protected":false},"author":1,"featured_media":0,"comment_status":"open","ping_status":"open","sticky":false,"template":"","format":"standard","meta":{"footnotes":""},"categories":[1],"tags":[2,2552,6],"class_list":["post-2387","post","type-post","status-publish","format-standard","hentry","category-sem-categoria","tag-blog-do-edvaldo-magalhaes","tag-detentos-de-tacaimbo-se-casam-em-cerimonia-religiosa","tag-noticias"],"_links":{"self":[{"href":"https:\/\/blogdoedvaldomagalhaes.com.br\/index.php\/wp-json\/wp\/v2\/posts\/2387","targetHints":{"allow":["GET"]}}],"collection":[{"href":"https:\/\/blogdoedvaldomagalhaes.com.br\/index.php\/wp-json\/wp\/v2\/posts"}],"about":[{"href":"https:\/\/blogdoedvaldomagalhaes.com.br\/index.php\/wp-json\/wp\/v2\/types\/post"}],"author":[{"embeddable":true,"href":"https:\/\/blogdoedvaldomagalhaes.com.br\/index.php\/wp-json\/wp\/v2\/users\/1"}],"replies":[{"embeddable":true,"href":"https:\/\/blogdoedvaldomagalhaes.com.br\/index.php\/wp-json\/wp\/v2\/comments?post=2387"}],"version-history":[{"count":1,"href":"https:\/\/blogdoedvaldomagalhaes.com.br\/index.php\/wp-json\/wp\/v2\/posts\/2387\/revisions"}],"predecessor-version":[{"id":30919,"href":"https:\/\/blogdoedvaldomagalhaes.com.br\/index.php\/wp-json\/wp\/v2\/posts\/2387\/revisions\/30919"}],"wp:attachment":[{"href":"https:\/\/blogdoedvaldomagalhaes.com.br\/index.php\/wp-json\/wp\/v2\/media?parent=2387"}],"wp:term":[{"taxonomy":"category","embeddable":true,"href":"https:\/\/blogdoedvaldomagalhaes.com.br\/index.php\/wp-json\/wp\/v2\/categories?post=2387"},{"taxonomy":"post_tag","embeddable":true,"href":"https:\/\/blogdoedvaldomagalhaes.com.br\/index.php\/wp-json\/wp\/v2\/tags?post=2387"}],"curies":[{"name":"wp","href":"https:\/\/api.w.org\/{rel}","templated":true}]}}