{"id":2386,"date":"2018-05-19T12:28:00","date_gmt":"2018-05-19T15:28:00","guid":{"rendered":"http:\/\/blogdoedvaldomagalhaes.com.br\/index.php\/2018\/05\/19\/sanfona-de-genilza-do-acordeon-e\/"},"modified":"2019-02-09T02:14:55","modified_gmt":"2019-02-09T04:14:55","slug":"sanfona-de-genilza-do-acordeon-e","status":"publish","type":"post","link":"https:\/\/blogdoedvaldomagalhaes.com.br\/index.php\/2018\/05\/19\/sanfona-de-genilza-do-acordeon-e\/","title":{"rendered":"Sanfona de Genilza do Acordeon \u00e9 roubada em Caruaru"},"content":{"rendered":"<div class=\"separator\" style=\"clear: both; text-align: center;\">\n<a href=\"https:\/\/4.bp.blogspot.com\/-j80MrTtDxqE\/WwAYXxt7MqI\/AAAAAAAAxoI\/lM7Zd74kNQA5vVwGyWHM7TW9eJ517X_pgCLcBGAs\/s1600\/sanfona.jpg\" imageanchor=\"1\" style=\"margin-left: 1em; margin-right: 1em;\"><img loading=\"lazy\" decoding=\"async\" border=\"0\" data-original-height=\"258\" data-original-width=\"300\" height=\"548\" src=\"http:\/\/blogdoedvaldomagalhaes.com.br\/wp-content\/uploads\/2018\/05\/sanfona.jpg\" width=\"640\" \/><\/a><\/div>\n<div style=\"background-color: white; box-sizing: border-box; line-height: 24px; margin-bottom: 10px; text-align: justify;\">\n<\/div>\n<div style=\"background-color: white; box-sizing: border-box; line-height: 24px; margin-bottom: 10px; text-align: justify;\">\nUma sanfona foi roubada no in\u00edcio da tarde desta sexta-feira (18), em frente da TV Jornal Caruaru. O instrumento pertence \u00e0 jovem Genilza do Acordeon.<\/div>\n<div style=\"background-color: white; box-sizing: border-box; line-height: 24px; margin-bottom: 10px; text-align: justify;\">\nBandidos arrombaram o carro do pai dela. Eles levaram a sanfona e outros objetos. A pol\u00edcia est\u00e1 investigando o caso.<\/div>\n<div style=\"background-color: white; box-sizing: border-box; line-height: 24px; margin-bottom: 10px; text-align: justify;\">\n<a href=\"https:\/\/www.facebook.com\/josino.doacordeon\/videos\/244688119609020\/\" style=\"background-color: transparent; box-sizing: border-box; text-decoration-line: none; transition: 0.3s;\">Em uma rede social, a sanfoneira explicou como ocorreu o roubo e fez um apelo para ter de volta a sua sanfona companheira<\/a>.<\/div>\n<div style=\"background-color: white; box-sizing: border-box; line-height: 24px; margin-bottom: 10px; text-align: justify;\">\nAl\u00e9m do&nbsp;<strong style=\"box-sizing: border-box;\">190<\/strong>&nbsp;da Pol\u00edcia Militar, qualquer informa\u00e7\u00e3o pode ser repassada para o&nbsp;<strong style=\"box-sizing: border-box;\">9 9140-0081<\/strong><\/div>\n<div style=\"background-color: white; box-sizing: border-box; font-family: Lato, sans-serif; font-size: 13px; line-height: 24px; margin-bottom: 10px;\">\n<\/div>\n","protected":false},"excerpt":{"rendered":"<p>Uma sanfona foi roubada no in\u00edcio da tarde desta sexta-feira (18), em frente da TV Jornal Caruaru. O instrumento pertence&hellip;<\/p>\n","protected":false},"author":1,"featured_media":0,"comment_status":"open","ping_status":"open","sticky":false,"template":"","format":"standard","meta":{"footnotes":""},"categories":[1],"tags":[2,13,2551],"class_list":["post-2386","post","type-post","status-publish","format-standard","hentry","category-sem-categoria","tag-blog-do-edvaldo-magalhaes","tag-policial","tag-sanfona-de-genilza-do-acordeon-e-roubada-em-caruaru"],"_links":{"self":[{"href":"https:\/\/blogdoedvaldomagalhaes.com.br\/index.php\/wp-json\/wp\/v2\/posts\/2386","targetHints":{"allow":["GET"]}}],"collection":[{"href":"https:\/\/blogdoedvaldomagalhaes.com.br\/index.php\/wp-json\/wp\/v2\/posts"}],"about":[{"href":"https:\/\/blogdoedvaldomagalhaes.com.br\/index.php\/wp-json\/wp\/v2\/types\/post"}],"author":[{"embeddable":true,"href":"https:\/\/blogdoedvaldomagalhaes.com.br\/index.php\/wp-json\/wp\/v2\/users\/1"}],"replies":[{"embeddable":true,"href":"https:\/\/blogdoedvaldomagalhaes.com.br\/index.php\/wp-json\/wp\/v2\/comments?post=2386"}],"version-history":[{"count":1,"href":"https:\/\/blogdoedvaldomagalhaes.com.br\/index.php\/wp-json\/wp\/v2\/posts\/2386\/revisions"}],"predecessor-version":[{"id":30921,"href":"https:\/\/blogdoedvaldomagalhaes.com.br\/index.php\/wp-json\/wp\/v2\/posts\/2386\/revisions\/30921"}],"wp:attachment":[{"href":"https:\/\/blogdoedvaldomagalhaes.com.br\/index.php\/wp-json\/wp\/v2\/media?parent=2386"}],"wp:term":[{"taxonomy":"category","embeddable":true,"href":"https:\/\/blogdoedvaldomagalhaes.com.br\/index.php\/wp-json\/wp\/v2\/categories?post=2386"},{"taxonomy":"post_tag","embeddable":true,"href":"https:\/\/blogdoedvaldomagalhaes.com.br\/index.php\/wp-json\/wp\/v2\/tags?post=2386"}],"curies":[{"name":"wp","href":"https:\/\/api.w.org\/{rel}","templated":true}]}}