{"id":2385,"date":"2018-05-19T12:41:00","date_gmt":"2018-05-19T15:41:00","guid":{"rendered":"http:\/\/blogdoedvaldomagalhaes.com.br\/index.php\/2018\/05\/19\/monte-bom-jesus-e-entregue-totalmente\/"},"modified":"2019-02-09T02:14:56","modified_gmt":"2019-02-09T04:14:56","slug":"monte-bom-jesus-e-entregue-totalmente","status":"publish","type":"post","link":"https:\/\/blogdoedvaldomagalhaes.com.br\/index.php\/2018\/05\/19\/monte-bom-jesus-e-entregue-totalmente\/","title":{"rendered":"Monte Bom Jesus \u00e9 entregue totalmente requalificado e com novos espa\u00e7os"},"content":{"rendered":"<div class=\"separator\" style=\"clear: both; text-align: center;\">\n<a href=\"https:\/\/1.bp.blogspot.com\/-cJP7wNyx810\/WwAZKA7cE-I\/AAAAAAAAxoQ\/OYOPYBdxjIEpHvBqMtAwg6MpfaDIVbx1gCLcBGAs\/s1600\/4.jpg\" imageanchor=\"1\" style=\"margin-left: 1em; margin-right: 1em;\"><img loading=\"lazy\" decoding=\"async\" border=\"0\" data-original-height=\"1067\" data-original-width=\"1600\" height=\"426\" src=\"http:\/\/blogdoedvaldomagalhaes.com.br\/wp-content\/uploads\/2018\/05\/4-6.jpg\" width=\"640\" \/><\/a><\/div>\n<div style=\"text-align: justify;\">\n<\/div>\n<div style=\"text-align: justify;\">\nEm comemora\u00e7\u00e3o aos 161 anos de Caruaru, a Prefeitura Municipal, atrav\u00e9s da Secretaria de Urbanismo e Obras, entregou, nesta sexta-feira (18), a obra do Parque Ambiental do Monte Bom Jesus, que se deu pela requalifica\u00e7\u00e3o de toda a sua \u00e1rea, bem como constru\u00e7\u00e3o de novos espa\u00e7os.&nbsp;Com investimento de R$ 1,4 milh\u00e3o, atrav\u00e9s de recurso pr\u00f3prio e do Fundo de Desenvolvimento Municipal \u2013 FEM, as obras do mais importante cart\u00e3o postal da cidade tiveram in\u00edcio em outubro de 2017, sendo divididas em duas etapas.<\/div>\n<div style=\"text-align: justify;\">\n<\/div>\n<div class=\"separator\" style=\"clear: both; text-align: center;\">\n<a href=\"https:\/\/4.bp.blogspot.com\/-dR-ZBHIDUtI\/WwAZSX_oQOI\/AAAAAAAAxoU\/4tW-JCVInSsVxhnCmP2GGiqGZFjpLkFwACLcBGAs\/s1600\/1.jpg\" imageanchor=\"1\" style=\"margin-left: 1em; margin-right: 1em;\"><img loading=\"lazy\" decoding=\"async\" border=\"0\" data-original-height=\"1067\" data-original-width=\"1600\" height=\"426\" src=\"http:\/\/blogdoedvaldomagalhaes.com.br\/wp-content\/uploads\/2018\/05\/1-15.jpg\" width=\"640\" \/><\/a><\/div>\n<div style=\"text-align: justify;\">\n<\/div>\n<div style=\"text-align: justify;\">\nPara esta primeira fase, foram entregues \u00e0 popula\u00e7\u00e3o um receptivo tur\u00edstico, requalifica\u00e7\u00e3o do entorno da igreja, oito novas barracas para o com\u00e9rcio de tapiocas, \u00e1rea de lazer para crian\u00e7as, requalifica\u00e7\u00e3o dos mirantes norte e sul, \u00e1rea de conviv\u00eancia, recupera\u00e7\u00e3o total da escadaria principal, assim como implanta\u00e7\u00e3o de corrim\u00e3os em toda a sua extens\u00e3o, anfiteatro com arquibancadas, novos pontos de ilumina\u00e7\u00e3o, um novo mirante e, ainda, a via sacra, com 15 esta\u00e7\u00f5es, todas totalmente recuperadas.&nbsp;Al\u00e9m dos espa\u00e7os requalificados e entregues, a popula\u00e7\u00e3o ainda contou com apresenta\u00e7\u00f5es art\u00edsticas e culturais, com artistas locais, bem como \u00e1rea destinada para o registro fotogr\u00e1fico, com a instala\u00e7\u00e3o de um totem, oferecendo os servi\u00e7os de impress\u00e3o instant\u00e2nea do registro.<\/div>\n<div style=\"text-align: justify;\">\n<\/div>\n<div class=\"separator\" style=\"clear: both; text-align: center;\">\n<a href=\"https:\/\/3.bp.blogspot.com\/-2ItNhGz_CJc\/WwAZaqzXatI\/AAAAAAAAxoY\/n4XgYc1Y80AaTYUq-hmqYliOYR3e4vIKACLcBGAs\/s1600\/5.jpg\" imageanchor=\"1\" style=\"margin-left: 1em; margin-right: 1em;\"><img loading=\"lazy\" decoding=\"async\" border=\"0\" data-original-height=\"1067\" data-original-width=\"1600\" height=\"426\" src=\"http:\/\/blogdoedvaldomagalhaes.com.br\/wp-content\/uploads\/2018\/05\/5-3.jpg\" width=\"640\" \/><\/a><\/div>\n<div style=\"text-align: justify;\">\n<\/div>\n<div style=\"text-align: justify;\">\n\u201cO que voc\u00eas enxergam aqui no Monte Bom Jesus \u00e9 fruto do trabalho compartilhado de todos que fazem a Prefeitura de Caruaru. Cada novo e requalificado espa\u00e7o do Monte foi pensado unicamente para as pessoas. Foi ouvindo e compartilhando ideias que chegamos a este t\u00e3o lindo projeto, cheio de muita beleza e espa\u00e7os totalmente adequados para o nosso lazer e de todos os turistas\u201d, frisou a secret\u00e1ria de Urbanismo e Obras, Nyadja Menezes.<\/div>\n<div style=\"text-align: justify;\">\n<\/div>\n<div class=\"separator\" style=\"clear: both; text-align: center;\">\n<a href=\"https:\/\/4.bp.blogspot.com\/-fWRo5dTCYpQ\/WwAZg2gNkAI\/AAAAAAAAxoc\/hvJ9s_4q2lg3tffHIr_Qq0RTmxNOIgR-QCLcBGAs\/s1600\/6.jpg\" imageanchor=\"1\" style=\"margin-left: 1em; margin-right: 1em;\"><img loading=\"lazy\" decoding=\"async\" border=\"0\" data-original-height=\"1067\" data-original-width=\"1600\" height=\"426\" src=\"http:\/\/blogdoedvaldomagalhaes.com.br\/wp-content\/uploads\/2018\/05\/6-2.jpg\" width=\"640\" \/><\/a><\/div>\n<div style=\"text-align: justify;\">\n<\/div>\n<div style=\"text-align: justify;\">\n<\/div>\n<div style=\"text-align: justify;\">\nPara a segunda etapa da obra, que ser\u00e1 iniciada em breve, est\u00e3o previstas a constru\u00e7\u00e3o da quadra poliesportiva, recupera\u00e7\u00e3o das escadarias secund\u00e1rias e constru\u00e7\u00e3o de uma creche. \u201c\u00c9 com esta grande e bel\u00edssima obra do Monte Bom Jesus que conseguimos resgatar as tradi\u00e7\u00f5es da nossa gente, resgatar os s\u00edmbolos da nossa identidade cultural. Sem d\u00favidas, o Monte trouxe outra vis\u00e3o, com mais alegria, mais espa\u00e7os para nosso lazer, mais vis\u00e3o dos pontos da nossa cidade. Esta obra foi pensada para voc\u00eas, para toda a nossa popula\u00e7\u00e3o e, acima de tudo, para todos que amam Caruaru. Vamos continuar seguindo em frente, com mais espa\u00e7os que ser\u00e3o inaugurados em breve. Assim, vamos chegando em muitos lugares que h\u00e1 muito tempo n\u00e3o se chegava\u201d, afirmou a prefeita Raquel Lyra.<\/div>\n<div style=\"text-align: justify;\">\n<\/div>\n<div class=\"separator\" style=\"clear: both; text-align: center;\">\n<a href=\"https:\/\/1.bp.blogspot.com\/-ozlEdu4F7ME\/WwAZqftZ7OI\/AAAAAAAAxow\/rQNeB5g_ASMEwe0kx8eRsw76NKMnuCrBACEwYBhgL\/s1600\/7.jpg\" imageanchor=\"1\" style=\"margin-left: 1em; margin-right: 1em;\"><img loading=\"lazy\" decoding=\"async\" border=\"0\" data-original-height=\"1067\" data-original-width=\"1600\" height=\"426\" src=\"http:\/\/blogdoedvaldomagalhaes.com.br\/wp-content\/uploads\/2018\/05\/7-1.jpg\" width=\"640\" \/><\/a><\/div>\n<div style=\"text-align: justify;\">\n<\/div>\n<div style=\"text-align: justify;\">\n\u201cFalar das obras no Monte \u00e9, acima de tudo, falar em oportunidade. Foi atrav\u00e9s deste projeto que consegui um espa\u00e7o para voltar ao mercado de trabalho, atuando na minha profiss\u00e3o de pedreiro. Sem d\u00favidas, uma obra de resgate do nosso Monte Bom Jesus, s\u00f3 tenho a agradecer\u201d, frisou o pedreiro Marcos Ant\u00f4nio, que participou das obras de requalifica\u00e7\u00e3o.<\/div>\n<div style=\"text-align: justify;\">\n<\/div>\n<div class=\"separator\" style=\"clear: both; text-align: center;\">\n<a href=\"https:\/\/3.bp.blogspot.com\/-VDwM_S2Prfw\/WwAZ6KNNnaI\/AAAAAAAAxos\/CPGWD0QWmnEuNJCFtKzx7bsAD3GA06U5wCEwYBhgL\/s1600\/3.jpg\" imageanchor=\"1\" style=\"margin-left: 1em; margin-right: 1em;\"><img loading=\"lazy\" decoding=\"async\" border=\"0\" data-original-height=\"1067\" data-original-width=\"1600\" height=\"426\" src=\"http:\/\/blogdoedvaldomagalhaes.com.br\/wp-content\/uploads\/2018\/05\/3-9.jpg\" width=\"640\" \/><\/a><\/div>\n<div class=\"separator\" style=\"clear: both; text-align: center;\">\n<\/div>\n<div style=\"text-align: justify;\">\n<\/div>\n<div style=\"text-align: justify;\">\nCom\u00e9rcio e gera\u00e7\u00e3o de empregos: Para o com\u00e9rcio e venda de tapiocas e outros produtos aliment\u00edcios nas barracas do Monte Bom Jesus, os comerciantes\/tapioqueiras passaram por curso de forma\u00e7\u00e3o culin\u00e1ria e gastronomia. J\u00e1 na \u00e1rea de gera\u00e7\u00e3o de emprego, diversos moradores da pr\u00f3pria comunidade fizeram parte do quadro de funcion\u00e1rios contratados para execu\u00e7\u00e3o dos servi\u00e7os, que seguem para a pr\u00f3xima etapa, bem como na \u00e1rea do com\u00e9rcio artesanal, que trar\u00e1 mais empregos para a cidade, com a comercializa\u00e7\u00e3o de produtos no local.&nbsp;<\/div>\n<div>\n<\/div>\n<div class=\"separator\" style=\"clear: both; text-align: center;\">\n<a href=\"https:\/\/1.bp.blogspot.com\/-ynTgu44ALnU\/WwAaCT0rwYI\/AAAAAAAAxo0\/vood1rvwCI0udLZRBJV5jXTa1hvsosf_wCLcBGAs\/s1600\/2.jpg\" imageanchor=\"1\" style=\"margin-left: 1em; margin-right: 1em;\"><img loading=\"lazy\" decoding=\"async\" border=\"0\" data-original-height=\"1067\" data-original-width=\"1600\" height=\"426\" src=\"http:\/\/blogdoedvaldomagalhaes.com.br\/wp-content\/uploads\/2018\/05\/2-11.jpg\" width=\"640\" \/><\/a><\/div>\n<div class=\"separator\" style=\"clear: both; text-align: center;\">\n<\/div>\n<div style=\"text-align: justify;\">\n<\/div>\n<div style=\"text-align: justify;\">\nEspa\u00e7os novos e requalificados no Monte Bom Jesus:<\/div>\n<div style=\"text-align: justify;\">\n<\/div>\n<div style=\"text-align: justify;\">\n\u00b7 Constru\u00e7\u00e3o de um receptivo, com atendimento ao turista, sala multiuso, vel\u00e1rio, casa de promessas e banheiros p\u00fablicos;<\/div>\n<div style=\"text-align: justify;\">\n<\/div>\n<div style=\"text-align: justify;\">\n\u00b7 Passeio em intertravado em todo o entorno da igreja;<\/div>\n<div style=\"text-align: justify;\">\n<\/div>\n<div style=\"text-align: justify;\">\n&nbsp;\u00b7 Rampa de acessibilidade;<\/div>\n<div style=\"text-align: justify;\">\n<\/div>\n<div style=\"text-align: justify;\">\n\u00b7 Recupera\u00e7\u00e3o do piso da igreja;<\/div>\n<div style=\"text-align: justify;\">\n<\/div>\n<div style=\"text-align: justify;\">\n\u00b7 Instala\u00e7\u00e3o de guarda-corpo nas laterais da igreja;<\/div>\n<div style=\"text-align: justify;\">\n<\/div>\n<div style=\"text-align: justify;\">\n&nbsp;\u00b7 Instala\u00e7\u00e3o de seis postes no entorno da igreja;<\/div>\n<div style=\"text-align: justify;\">\n<\/div>\n<div style=\"text-align: justify;\">\n\u00b7 Constru\u00e7\u00e3o de oito barracas (em tijolo maci\u00e7o, com coberta em telha canal) para tapioqueiras;<\/div>\n<div style=\"text-align: justify;\">\n<\/div>\n<div style=\"text-align: justify;\">\n\u00b7 Implanta\u00e7\u00e3o de brinquedos em madeira, sendo eles: balan\u00e7o, gangorra e escorrego;<\/div>\n<div style=\"text-align: justify;\">\n<\/div>\n<div style=\"text-align: justify;\">\n\u00b7 Instala\u00e7\u00e3o de guarda-corpo nos mirantes Norte e Sul existentes;<\/div>\n<div style=\"text-align: justify;\">\n<\/div>\n<div style=\"text-align: justify;\">\n\u00b7 Constru\u00e7\u00e3o de \u00e1rea de conviv\u00eancia, com pergolado de madeira, bancos e mesinhas em concreto;<\/div>\n<div style=\"text-align: justify;\">\n<\/div>\n<div style=\"text-align: justify;\">\n\u00b7 Recupera\u00e7\u00e3o dos degraus e patamares da escadaria principal, assim como implanta\u00e7\u00e3o de corrim\u00e3os em toda a sua extens\u00e3o;<\/div>\n<div style=\"text-align: justify;\">\n<\/div>\n<div style=\"text-align: justify;\">\n\u00b7 Constru\u00e7\u00e3o de anfiteatro com arquibancadas, ilumina\u00e7\u00e3o e um novo mirante;<\/div>\n<div style=\"text-align: justify;\">\n<\/div>\n<div style=\"text-align: justify;\">\n\u00b7 Constru\u00e7\u00e3o de \u00e1rea multiuso;<\/div>\n<div style=\"text-align: justify;\">\n<\/div>\n<div style=\"text-align: justify;\">\n\u00b7 Implanta\u00e7\u00e3o de pavimento em intertravado em frente \u00e0 \u00e1rea de conviv\u00eancia.<\/p>\n<\/div>\n","protected":false},"excerpt":{"rendered":"<p>Em comemora\u00e7\u00e3o aos 161 anos de Caruaru, a Prefeitura Municipal, atrav\u00e9s da Secretaria de Urbanismo e Obras, entregou, nesta sexta-feira&hellip;<\/p>\n","protected":false},"author":1,"featured_media":0,"comment_status":"open","ping_status":"open","sticky":false,"template":"","format":"standard","meta":{"footnotes":""},"categories":[1],"tags":[2,2550,6],"class_list":["post-2385","post","type-post","status-publish","format-standard","hentry","category-sem-categoria","tag-blog-do-edvaldo-magalhaes","tag-monte-bom-jesus-e-entregue-totalmente-requalificado-e-com-novos-espacos","tag-noticias"],"_links":{"self":[{"href":"https:\/\/blogdoedvaldomagalhaes.com.br\/index.php\/wp-json\/wp\/v2\/posts\/2385","targetHints":{"allow":["GET"]}}],"collection":[{"href":"https:\/\/blogdoedvaldomagalhaes.com.br\/index.php\/wp-json\/wp\/v2\/posts"}],"about":[{"href":"https:\/\/blogdoedvaldomagalhaes.com.br\/index.php\/wp-json\/wp\/v2\/types\/post"}],"author":[{"embeddable":true,"href":"https:\/\/blogdoedvaldomagalhaes.com.br\/index.php\/wp-json\/wp\/v2\/users\/1"}],"replies":[{"embeddable":true,"href":"https:\/\/blogdoedvaldomagalhaes.com.br\/index.php\/wp-json\/wp\/v2\/comments?post=2385"}],"version-history":[{"count":1,"href":"https:\/\/blogdoedvaldomagalhaes.com.br\/index.php\/wp-json\/wp\/v2\/posts\/2385\/revisions"}],"predecessor-version":[{"id":30929,"href":"https:\/\/blogdoedvaldomagalhaes.com.br\/index.php\/wp-json\/wp\/v2\/posts\/2385\/revisions\/30929"}],"wp:attachment":[{"href":"https:\/\/blogdoedvaldomagalhaes.com.br\/index.php\/wp-json\/wp\/v2\/media?parent=2385"}],"wp:term":[{"taxonomy":"category","embeddable":true,"href":"https:\/\/blogdoedvaldomagalhaes.com.br\/index.php\/wp-json\/wp\/v2\/categories?post=2385"},{"taxonomy":"post_tag","embeddable":true,"href":"https:\/\/blogdoedvaldomagalhaes.com.br\/index.php\/wp-json\/wp\/v2\/tags?post=2385"}],"curies":[{"name":"wp","href":"https:\/\/api.w.org\/{rel}","templated":true}]}}