{"id":2382,"date":"2018-05-19T20:52:00","date_gmt":"2018-05-19T23:52:00","guid":{"rendered":"http:\/\/blogdoedvaldomagalhaes.com.br\/index.php\/2018\/05\/19\/pessima-campanha-na-serie-d-central-e\/"},"modified":"2019-02-09T02:14:58","modified_gmt":"2019-02-09T04:14:58","slug":"pessima-campanha-na-serie-d-central-e","status":"publish","type":"post","link":"https:\/\/blogdoedvaldomagalhaes.com.br\/index.php\/2018\/05\/19\/pessima-campanha-na-serie-d-central-e\/","title":{"rendered":"P\u00e9ssima campanha na S\u00e9rie D: Central \u00e9 derrotado pelo Sergipe"},"content":{"rendered":"<div class=\"separator\" style=\"clear: both; text-align: center;\">\n<a href=\"https:\/\/4.bp.blogspot.com\/-2gcHsEeaMSw\/WwCNzbLjk7I\/AAAAAAAAxqQ\/zsmaia9p9oY0MM0UWkX641XdkqjS6D4fgCLcBGAs\/s1600\/IMG-20180519-WA0126.jpg\" imageanchor=\"1\" style=\"margin-left: 1em; margin-right: 1em;\"><img loading=\"lazy\" decoding=\"async\" border=\"0\" data-original-height=\"1280\" data-original-width=\"720\" height=\"640\" src=\"http:\/\/blogdoedvaldomagalhaes.com.br\/wp-content\/uploads\/2018\/05\/IMG-20180519-WA0126.jpg\" width=\"360\" \/><\/a><\/div>\n<div class=\"separator\" style=\"clear: both; text-align: center;\">\nFotos: Warley Santos\/Central Sport Club<\/div>\n<p><\/p>\n<div style=\"text-align: justify;\">\nO Central perdeu para o Sergipe por 1 a 0, gol de Danilo Rios aos 25 minutos do 1\u00ba tempo, na Arena Batist\u00e3o, em Aracaju-SE, neste s\u00e1bado (19), pela S\u00e9rie D, e est\u00e1 eliminado na 1\u00aa fase da competi\u00e7\u00e3o nacional.&nbsp;<\/p>\n<p><b>Ficha T\u00e9cnica<\/b><br \/>\n<b><br \/><\/b><br \/>\n<\/p>\n<div style=\"text-align: justify;\">\n<b>\u00c1rbitro: <\/b>Glauco Nunes Feitosa &#8211; CE.<b> Assistentes: <\/b>Renan Aguiar da Costa &#8211; CE e Jailson Albano da Silva &#8211; CE<br \/>\n<b><br \/><\/b><br \/>\n<b><br \/><\/b><br \/>\n<b>Cart\u00f5es Amarelos: <\/b>Rhuan, Brendon e Ramalho (Sergipe); Dudu Gago, Fernando Pires, Eduardo Er\u00ea, Vit\u00e3o (Central).<br \/>\n<b><br \/><\/b><br \/>\n<b>Renda: <\/b>R$ 38.499,00 e 3.400<b> pagantes&nbsp;<\/b><br \/>\n<b><br \/><\/b><\/div>\n<p><b>Sergipe<\/b>: Jean, Rhuan, Cl\u00e1udio Baiano, Carlos Alexandre e Marinho Donizete; Ramalho, Brendon, Natan (Fabinho Cambalhota) e Danilo Rios (Obina); William Paulista (Nino Guerreiro) e Diogo.<\/p>\n<p><b>Central<\/b>: Fran\u00e7a; Dudu Gago, Danilo Quipap\u00e1, Vit\u00e3o e Paulo Fernando (Luiz Felipe); Eduardo Er\u00ea, Fernando Pires, J\u00fanior Lemos (Idevan) e Washington; Grafite (Vin\u00edcius Paquet\u00e1) e Leandro Costa.<\/div>\n<div style=\"text-align: justify;\">\n<\/div>\n<div class=\"separator\" style=\"clear: both; text-align: center;\">\n<a href=\"https:\/\/4.bp.blogspot.com\/-Sknz1AckqLQ\/WwCN1lABgTI\/AAAAAAAAxqU\/vadMd1wBGTwl5nE-peSGbdtGCOOo4zJPwCLcBGAs\/s1600\/IMG-20180519-WA0127.jpg\" imageanchor=\"1\" style=\"margin-left: 1em; margin-right: 1em;\"><img loading=\"lazy\" decoding=\"async\" border=\"0\" data-original-height=\"1280\" data-original-width=\"720\" height=\"640\" src=\"http:\/\/blogdoedvaldomagalhaes.com.br\/wp-content\/uploads\/2018\/05\/IMG-20180519-WA0127.jpg\" width=\"360\" \/><\/a><\/div>\n<div class=\"separator\" style=\"clear: both; text-align: center;\">\n<\/div>\n<div class=\"separator\" style=\"clear: both; text-align: justify;\">\nA campanha do Central foi decepcionante na S\u00e9rie D, em 05 jogos, foram 03 empates e 02 derrotas, e agora vai cumprir tabela contra o Jacuipense, no pr\u00f3ximo dia 27, no Est\u00e1dio Lacerd\u00e3o.&nbsp;<\/div>\n<div class=\"separator\" style=\"clear: both; text-align: justify;\">\n<\/div>\n<div class=\"separator\" style=\"clear: both; text-align: justify;\">\nPelo grupo A7 o Sergipe est\u00e1 classificado para o primeiro mata mata com 10 pontos positivos. Neste domingo (20), jogam Jacuipense x ASA-AL, na Bahia.<\/div>\n<div style=\"text-align: justify;\">\n<\/div>\n<div class=\"separator\" style=\"clear: both; text-align: center;\">\n<\/div>\n<div style=\"text-align: justify;\">\n<\/div>\n","protected":false},"excerpt":{"rendered":"<p>Fotos: Warley Santos\/Central Sport Club O Central perdeu para o Sergipe por 1 a 0, gol de Danilo Rios aos&hellip;<\/p>\n","protected":false},"author":1,"featured_media":0,"comment_status":"open","ping_status":"open","sticky":false,"template":"","format":"standard","meta":{"footnotes":""},"categories":[1],"tags":[2,2543,3,2544],"class_list":["post-2382","post","type-post","status-publish","format-standard","hentry","category-sem-categoria","tag-blog-do-edvaldo-magalhaes","tag-danilo-rios","tag-futebol","tag-pessima-campanha-na-serie-d-central-e-derrotado-pelo-sergipe"],"_links":{"self":[{"href":"https:\/\/blogdoedvaldomagalhaes.com.br\/index.php\/wp-json\/wp\/v2\/posts\/2382","targetHints":{"allow":["GET"]}}],"collection":[{"href":"https:\/\/blogdoedvaldomagalhaes.com.br\/index.php\/wp-json\/wp\/v2\/posts"}],"about":[{"href":"https:\/\/blogdoedvaldomagalhaes.com.br\/index.php\/wp-json\/wp\/v2\/types\/post"}],"author":[{"embeddable":true,"href":"https:\/\/blogdoedvaldomagalhaes.com.br\/index.php\/wp-json\/wp\/v2\/users\/1"}],"replies":[{"embeddable":true,"href":"https:\/\/blogdoedvaldomagalhaes.com.br\/index.php\/wp-json\/wp\/v2\/comments?post=2382"}],"version-history":[{"count":1,"href":"https:\/\/blogdoedvaldomagalhaes.com.br\/index.php\/wp-json\/wp\/v2\/posts\/2382\/revisions"}],"predecessor-version":[{"id":30937,"href":"https:\/\/blogdoedvaldomagalhaes.com.br\/index.php\/wp-json\/wp\/v2\/posts\/2382\/revisions\/30937"}],"wp:attachment":[{"href":"https:\/\/blogdoedvaldomagalhaes.com.br\/index.php\/wp-json\/wp\/v2\/media?parent=2382"}],"wp:term":[{"taxonomy":"category","embeddable":true,"href":"https:\/\/blogdoedvaldomagalhaes.com.br\/index.php\/wp-json\/wp\/v2\/categories?post=2382"},{"taxonomy":"post_tag","embeddable":true,"href":"https:\/\/blogdoedvaldomagalhaes.com.br\/index.php\/wp-json\/wp\/v2\/tags?post=2382"}],"curies":[{"name":"wp","href":"https:\/\/api.w.org\/{rel}","templated":true}]}}