{"id":2378,"date":"2018-05-20T12:17:00","date_gmt":"2018-05-20T15:17:00","guid":{"rendered":"http:\/\/blogdoedvaldomagalhaes.com.br\/index.php\/2018\/05\/20\/inscricoes-para-o-vestibular-do-ifpe\/"},"modified":"2019-02-09T02:15:04","modified_gmt":"2019-02-09T04:15:04","slug":"inscricoes-para-o-vestibular-do-ifpe","status":"publish","type":"post","link":"https:\/\/blogdoedvaldomagalhaes.com.br\/index.php\/2018\/05\/20\/inscricoes-para-o-vestibular-do-ifpe\/","title":{"rendered":"Inscri\u00e7\u00f5es para o Vestibular do IFPE come\u00e7am nesta segunda-feira"},"content":{"rendered":"<div class=\"separator\" style=\"clear: both; text-align: center;\">\n<a href=\"https:\/\/2.bp.blogspot.com\/-ob1KX9FXdiQ\/WwFnY7p-EiI\/AAAAAAAAxsE\/2nAfPUWeEEwxBpB9cG8Z1VKVUWplZuKgACLcBGAs\/s1600\/ifpe.jpg\" imageanchor=\"1\" style=\"margin-left: 1em; margin-right: 1em;\"><img loading=\"lazy\" decoding=\"async\" border=\"0\" data-original-height=\"520\" data-original-width=\"930\" height=\"352\" src=\"http:\/\/blogdoedvaldomagalhaes.com.br\/wp-content\/uploads\/2018\/05\/ifpe.jpg\" width=\"640\" \/><\/a><\/div>\n<div style=\"background-color: white; box-sizing: border-box; line-height: 24px; margin-bottom: 10px; text-align: justify;\">\n<\/div>\n<div style=\"background-color: white; box-sizing: border-box; line-height: 24px; margin-bottom: 10px; text-align: justify;\">\nAs inscri\u00e7\u00f5es para o Vestibular 2018.2 do Instituto Federal de Pernambuco (IFPE) come\u00e7am nesta segunda-feira (21). Nesta edi\u00e7\u00e3o, s\u00e3o ofertadas 2.585 vagas para 42 cursos t\u00e9cnicos e superiores distribu\u00eddos nos 16 campi. Os candidatos devem acessar o site da Comiss\u00e3o de Vestibulares e Concursos (<strong style=\"box-sizing: border-box;\"><a data-saferedirecturl=\"https:\/\/www.google.com\/url?hl=pt-BR&amp;q=http:\/\/cvest.ifpe.edu.br&amp;source=gmail&amp;ust=1526798804899000&amp;usg=AFQjCNHy257ICRMkj3Dja1IkSsZgQkZdvg\" href=\"http:\/\/cvest.ifpe.edu.br\/\" style=\"background-color: transparent; box-sizing: border-box; text-decoration-line: none; transition: 0.3s;\">cvest.ifpe.edu.br<\/a><\/strong>) para fazerem a inscri\u00e7\u00e3o online at\u00e9 10 de junho.<\/div>\n<div style=\"background-color: white; box-sizing: border-box; line-height: 24px; margin-bottom: 10px; text-align: justify;\">\nO processo inclui o preenchimento da ficha de inscri\u00e7\u00e3o e a emiss\u00e3o do boleto (GRU) para o pagamento da taxa, que \u00e9 de 30 reais para cursos t\u00e9cnicos e 55 raeais para cursos superiores. O pagamento dever\u00e1 ser feito somente nas ag\u00eancias do Banco do Brasil at\u00e9 o dia 11 de junho.<\/div>\n<div style=\"background-color: white; box-sizing: border-box; line-height: 24px; margin-bottom: 10px; text-align: justify;\">\nCandidatos aos cursos da modalidade Proeja est\u00e3o automaticamente isentos. No caso das outras modalidades, candidatos com renda inferior ou igual a 1,5 sal\u00e1rio m\u00ednimo que sejam oriundos de escolas p\u00fablicas ou bolsistas de escolas privadas&nbsp;podem solicitar a isen\u00e7\u00e3o da taxa de inscri\u00e7\u00e3o no per\u00edodo de 21 a 24 de maio, assim como egressos dos programas Mulheres Mil e PROIFPE.<\/div>\n<p><\/p>\n<div class=\"sharedaddy sd-sharing-enabled\" style=\"background-color: white; box-sizing: border-box; clear: both;\">\n<\/div>\n<p><\/p>\n<div style=\"-webkit-text-stroke-width: 0px; background-color: white; box-sizing: border-box; font-style: normal; font-variant-caps: normal; font-variant-ligatures: normal; font-weight: 400; letter-spacing: normal; line-height: 24px; margin: 0px 0px 10px; orphans: 2; text-align: justify; text-decoration-color: initial; text-decoration-style: initial; text-indent: 0px; text-transform: none; white-space: normal; widows: 2; word-spacing: 0px;\">\nA entrega da documenta\u00e7\u00e3o deve ser feita no campus onde o candidato pretende concorrer \u00e0 vaga, at\u00e9 o dia 25 de maio, no hor\u00e1rio das 9h \u00e0s 12h e das 14h \u00e0s 17h. A lista dos contemplados com a gratuidade ser\u00e1 divulgada no dia 29 de maio.<\/div>\n","protected":false},"excerpt":{"rendered":"<p>As inscri\u00e7\u00f5es para o Vestibular 2018.2 do Instituto Federal de Pernambuco (IFPE) come\u00e7am nesta segunda-feira (21). Nesta edi\u00e7\u00e3o, s\u00e3o ofertadas&hellip;<\/p>\n","protected":false},"author":1,"featured_media":0,"comment_status":"open","ping_status":"open","sticky":false,"template":"","format":"standard","meta":{"footnotes":""},"categories":[1],"tags":[2,2539,6],"class_list":["post-2378","post","type-post","status-publish","format-standard","hentry","category-sem-categoria","tag-blog-do-edvaldo-magalhaes","tag-inscricoes-para-o-vestibular-do-ifpe-comecam-nesta-segunda-feira","tag-noticias"],"_links":{"self":[{"href":"https:\/\/blogdoedvaldomagalhaes.com.br\/index.php\/wp-json\/wp\/v2\/posts\/2378","targetHints":{"allow":["GET"]}}],"collection":[{"href":"https:\/\/blogdoedvaldomagalhaes.com.br\/index.php\/wp-json\/wp\/v2\/posts"}],"about":[{"href":"https:\/\/blogdoedvaldomagalhaes.com.br\/index.php\/wp-json\/wp\/v2\/types\/post"}],"author":[{"embeddable":true,"href":"https:\/\/blogdoedvaldomagalhaes.com.br\/index.php\/wp-json\/wp\/v2\/users\/1"}],"replies":[{"embeddable":true,"href":"https:\/\/blogdoedvaldomagalhaes.com.br\/index.php\/wp-json\/wp\/v2\/comments?post=2378"}],"version-history":[{"count":1,"href":"https:\/\/blogdoedvaldomagalhaes.com.br\/index.php\/wp-json\/wp\/v2\/posts\/2378\/revisions"}],"predecessor-version":[{"id":30947,"href":"https:\/\/blogdoedvaldomagalhaes.com.br\/index.php\/wp-json\/wp\/v2\/posts\/2378\/revisions\/30947"}],"wp:attachment":[{"href":"https:\/\/blogdoedvaldomagalhaes.com.br\/index.php\/wp-json\/wp\/v2\/media?parent=2378"}],"wp:term":[{"taxonomy":"category","embeddable":true,"href":"https:\/\/blogdoedvaldomagalhaes.com.br\/index.php\/wp-json\/wp\/v2\/categories?post=2378"},{"taxonomy":"post_tag","embeddable":true,"href":"https:\/\/blogdoedvaldomagalhaes.com.br\/index.php\/wp-json\/wp\/v2\/tags?post=2378"}],"curies":[{"name":"wp","href":"https:\/\/api.w.org\/{rel}","templated":true}]}}