{"id":2376,"date":"2018-05-20T17:28:00","date_gmt":"2018-05-20T20:28:00","guid":{"rendered":"http:\/\/blogdoedvaldomagalhaes.com.br\/index.php\/2018\/05\/20\/acidente-entre-riacho-das-almas-e\/"},"modified":"2019-02-09T02:15:06","modified_gmt":"2019-02-09T04:15:06","slug":"acidente-entre-riacho-das-almas-e","status":"publish","type":"post","link":"https:\/\/blogdoedvaldomagalhaes.com.br\/index.php\/2018\/05\/20\/acidente-entre-riacho-das-almas-e\/","title":{"rendered":"Acidente entre Riacho das Almas e Ameixas na PE-95"},"content":{"rendered":"<div class=\"separator\" style=\"clear: both; text-align: center;\">\n<a href=\"https:\/\/4.bp.blogspot.com\/-fBrVg_R_UH4\/WwGvset4nfI\/AAAAAAAAxs4\/qNvsiaM3X48B6WAS5RR6HSiBbpgNXTwbwCLcBGAs\/s1600\/2.jpg\" imageanchor=\"1\" style=\"margin-left: 1em; margin-right: 1em;\"><img loading=\"lazy\" decoding=\"async\" border=\"0\" data-original-height=\"720\" data-original-width=\"720\" height=\"640\" src=\"http:\/\/blogdoedvaldomagalhaes.com.br\/wp-content\/uploads\/2018\/05\/2-12.jpg\" width=\"640\" \/><\/a><\/div>\n<div class=\"separator\" style=\"clear: both; text-align: center;\">\nFotos: WhatsApp\/Cortesia<\/div>\n<div class=\"separator\" style=\"clear: both; text-align: center;\">\n<\/div>\n<div class=\"separator\" style=\"clear: both; text-align: justify;\">\nO acidente automobil\u00edstico ocorreu de ontem (19) para hoje (20), na PE-95, pr\u00f3ximo ao s\u00edtio Esmera, que fica entre a cidade de Riacho das Almas e o distrito de Ameixas, que pertence ao munic\u00edpio de Cumaru. Segundo informa\u00e7\u00f5es, o vereador da cidade de Riacho das Almas, Nestor do Bordado, voltava de um evento no s\u00edtio C\u00f4cos, munic\u00edpio de Bezerros, dirigindo um HB20 e quando estava na PE-95, perdeu o controle do ve\u00edculo vindo a capotar.<\/div>\n<div class=\"separator\" style=\"clear: both; text-align: justify;\">\n<\/div>\n<div class=\"separator\" style=\"clear: both; text-align: center;\">\n<a href=\"https:\/\/4.bp.blogspot.com\/-bLlGz4-udck\/WwHLfbP_LUI\/AAAAAAAAxtI\/Obg9UuhL9pMzfDZ2zJinTUJWEzMS9qFxACLcBGAs\/s1600\/IMG-20180520-WA0080.jpg\" imageanchor=\"1\" style=\"margin-left: 1em; margin-right: 1em;\"><img loading=\"lazy\" decoding=\"async\" border=\"0\" data-original-height=\"720\" data-original-width=\"1280\" height=\"360\" src=\"http:\/\/blogdoedvaldomagalhaes.com.br\/wp-content\/uploads\/2018\/05\/IMG-20180520-WA0080.jpg\" width=\"640\" \/><\/a><\/div>\n<p><\/p>\n<div class=\"separator\" style=\"clear: both; text-align: center;\">\n<a href=\"https:\/\/3.bp.blogspot.com\/-aMM1AXTCLAs\/WwHLiYoBteI\/AAAAAAAAxtM\/JTXif8n8hoM9oIiSrGskDfkzx72rs1RrgCLcBGAs\/s1600\/IMG-20180520-WA0079.jpg\" imageanchor=\"1\" style=\"margin-left: 1em; margin-right: 1em;\"><img loading=\"lazy\" decoding=\"async\" border=\"0\" data-original-height=\"720\" data-original-width=\"1280\" height=\"360\" src=\"http:\/\/blogdoedvaldomagalhaes.com.br\/wp-content\/uploads\/2018\/05\/IMG-20180520-WA0079.jpg\" width=\"640\" \/><\/a><\/div>\n<p><\/p>\n<div class=\"separator\" style=\"clear: both; text-align: center;\">\n<a href=\"https:\/\/4.bp.blogspot.com\/-zPepni-l8Zk\/WwHLlvHcSYI\/AAAAAAAAxtQ\/jH93ItEDP0sPayTnPvjU3PWFRAXWsG5OgCLcBGAs\/s1600\/IMG-20180520-WA0078.jpg\" imageanchor=\"1\" style=\"margin-left: 1em; margin-right: 1em;\"><img loading=\"lazy\" decoding=\"async\" border=\"0\" data-original-height=\"720\" data-original-width=\"1280\" height=\"360\" src=\"http:\/\/blogdoedvaldomagalhaes.com.br\/wp-content\/uploads\/2018\/05\/IMG-20180520-WA0078.jpg\" width=\"640\" \/><\/a><\/div>\n<div class=\"separator\" style=\"clear: both; text-align: justify;\">\n<\/div>\n<div class=\"separator\" style=\"clear: both; text-align: justify;\">\nO parlamentar teve algumas escoria\u00e7\u00f5es. Outras duas pessoas que tamb\u00e9m estavam no ve\u00edculo sa\u00edram machucadas, sendo pessoa conhecida por Gilson de Z\u00e9 de Camilo, que teve fratura em um dos bra\u00e7os, e um popular conhecido por Di\u00f3genes, que foi levado para um hospital em Recife, mas n\u00e3o corre risco de morte.<\/div>\n<div class=\"separator\" style=\"clear: both; text-align: justify;\">\n<\/div>\n<div class=\"separator\" style=\"clear: both; text-align: center;\">\n<a href=\"https:\/\/3.bp.blogspot.com\/-mS-xqswusbI\/WwGvjt1L_aI\/AAAAAAAAxsw\/vsdvkYNXezsSYkG2j1oCrPQ-UGYZJwA6QCLcBGAs\/s1600\/1.jpg\" imageanchor=\"1\" style=\"margin-left: 1em; margin-right: 1em;\"><img loading=\"lazy\" decoding=\"async\" border=\"0\" data-original-height=\"581\" data-original-width=\"581\" height=\"640\" src=\"http:\/\/blogdoedvaldomagalhaes.com.br\/wp-content\/uploads\/2018\/05\/1-16.jpg\" width=\"634\" \/><\/a><\/div>\n<p>\nInforma\u00e7\u00f5es de Jos\u00e9 Augusto de Riacho das Almas.<\/p>\n","protected":false},"excerpt":{"rendered":"<p>Fotos: WhatsApp\/Cortesia O acidente automobil\u00edstico ocorreu de ontem (19) para hoje (20), na PE-95, pr\u00f3ximo ao s\u00edtio Esmera, que fica&hellip;<\/p>\n","protected":false},"author":1,"featured_media":0,"comment_status":"open","ping_status":"open","sticky":false,"template":"","format":"standard","meta":{"footnotes":""},"categories":[1],"tags":[2537,2,6],"class_list":["post-2376","post","type-post","status-publish","format-standard","hentry","category-sem-categoria","tag-acidente-entre-riacho-das-almas-e-ameixas-neste-domingo-20","tag-blog-do-edvaldo-magalhaes","tag-noticias"],"_links":{"self":[{"href":"https:\/\/blogdoedvaldomagalhaes.com.br\/index.php\/wp-json\/wp\/v2\/posts\/2376","targetHints":{"allow":["GET"]}}],"collection":[{"href":"https:\/\/blogdoedvaldomagalhaes.com.br\/index.php\/wp-json\/wp\/v2\/posts"}],"about":[{"href":"https:\/\/blogdoedvaldomagalhaes.com.br\/index.php\/wp-json\/wp\/v2\/types\/post"}],"author":[{"embeddable":true,"href":"https:\/\/blogdoedvaldomagalhaes.com.br\/index.php\/wp-json\/wp\/v2\/users\/1"}],"replies":[{"embeddable":true,"href":"https:\/\/blogdoedvaldomagalhaes.com.br\/index.php\/wp-json\/wp\/v2\/comments?post=2376"}],"version-history":[{"count":1,"href":"https:\/\/blogdoedvaldomagalhaes.com.br\/index.php\/wp-json\/wp\/v2\/posts\/2376\/revisions"}],"predecessor-version":[{"id":30955,"href":"https:\/\/blogdoedvaldomagalhaes.com.br\/index.php\/wp-json\/wp\/v2\/posts\/2376\/revisions\/30955"}],"wp:attachment":[{"href":"https:\/\/blogdoedvaldomagalhaes.com.br\/index.php\/wp-json\/wp\/v2\/media?parent=2376"}],"wp:term":[{"taxonomy":"category","embeddable":true,"href":"https:\/\/blogdoedvaldomagalhaes.com.br\/index.php\/wp-json\/wp\/v2\/categories?post=2376"},{"taxonomy":"post_tag","embeddable":true,"href":"https:\/\/blogdoedvaldomagalhaes.com.br\/index.php\/wp-json\/wp\/v2\/tags?post=2376"}],"curies":[{"name":"wp","href":"https:\/\/api.w.org\/{rel}","templated":true}]}}