{"id":2364,"date":"2018-05-21T22:54:00","date_gmt":"2018-05-22T01:54:00","guid":{"rendered":"http:\/\/blogdoedvaldomagalhaes.com.br\/index.php\/2018\/05\/21\/agricultor-e-assassinado-tiros-em-cupira\/"},"modified":"2019-02-09T02:15:19","modified_gmt":"2019-02-09T04:15:19","slug":"agricultor-e-assassinado-tiros-em-cupira","status":"publish","type":"post","link":"https:\/\/blogdoedvaldomagalhaes.com.br\/index.php\/2018\/05\/21\/agricultor-e-assassinado-tiros-em-cupira\/","title":{"rendered":"Agricultor \u00e9 assassinado a tiros em Cupira"},"content":{"rendered":"<div class=\"separator\" style=\"clear: both; text-align: center;\">\n<a href=\"https:\/\/1.bp.blogspot.com\/-p7zl0glTlfY\/WwNNwhkYxuI\/AAAAAAAAxz4\/uhma78hZg-oGnGrTlCc8TTeio-oKr7mRACLcBGAs\/s1600\/js.jpg\" imageanchor=\"1\" style=\"margin-left: 1em; margin-right: 1em;\"><img loading=\"lazy\" decoding=\"async\" border=\"0\" data-original-height=\"281\" data-original-width=\"500\" height=\"354\" src=\"http:\/\/blogdoedvaldomagalhaes.com.br\/wp-content\/uploads\/2018\/05\/js.jpg\" width=\"640\" \/><\/a><\/div>\n<div class=\"separator\" style=\"clear: both; text-align: center;\">\nFoto: Josias Souza\/Sem Meias Palavras<\/div>\n<div style=\"background-color: white; box-sizing: border-box; line-height: 24px; margin-bottom: 10px; text-align: justify;\">\n<\/div>\n<div style=\"background-color: white; box-sizing: border-box; line-height: 24px; margin-bottom: 10px; text-align: justify;\">\nUm agricultor foi assassinado a tiros no final da tarde desta segunda-feira (21), na cidade de Cupira, Agreste pernambucano. O crime aconteceu no Loteamento Maria Jos\u00e9 da Silva.<\/div>\n<div style=\"background-color: white; box-sizing: border-box; line-height: 24px; margin-bottom: 10px; text-align: justify;\">\nDe acordo com informa\u00e7\u00f5es de populares, Ja\u00edlson Arlindo da Silva, 27 anos, estava cuidando de alguns animais junto com irm\u00e3os para levar para Bahia quando os assassinos chegaram e efetuaram v\u00e1rios disparos. Os irm\u00e3os da v\u00edtima conseguiram escapar.<\/div>\n<div style=\"background-color: white; box-sizing: border-box; line-height: 24px; margin-bottom: 10px; text-align: justify;\">\nO agricultor, que era conhecido como \u201cFusquinha\u201d, residia no bairro Novo Horizonte. O corpo foi encaminhado para o Instituto de Medicina Legal (IML) de Caruaru.<\/div>\n<div style=\"background-color: white; box-sizing: border-box; line-height: 24px; margin-bottom: 10px; text-align: justify;\">\nInforma\u00e7\u00f5es: Helenivaldo Pereira\/R\u00e1dio Liberdade.<\/div>\n<div style=\"text-align: justify;\">\n<\/div>\n","protected":false},"excerpt":{"rendered":"<p>Foto: Josias Souza\/Sem Meias Palavras Um agricultor foi assassinado a tiros no final da tarde desta segunda-feira (21), na cidade&hellip;<\/p>\n","protected":false},"author":1,"featured_media":0,"comment_status":"open","ping_status":"open","sticky":false,"template":"","format":"standard","meta":{"footnotes":""},"categories":[1],"tags":[2520,2521,2,2522,2523,13],"class_list":["post-2364","post","type-post","status-publish","format-standard","hentry","category-sem-categoria","tag-agricultor-e-assassinado-a-tiros-em-cupira","tag-bairro-novo-horizonte","tag-blog-do-edvaldo-magalhaes","tag-iml-caruaru","tag-loteamento-maria-jose-da-silva","tag-policial"],"_links":{"self":[{"href":"https:\/\/blogdoedvaldomagalhaes.com.br\/index.php\/wp-json\/wp\/v2\/posts\/2364","targetHints":{"allow":["GET"]}}],"collection":[{"href":"https:\/\/blogdoedvaldomagalhaes.com.br\/index.php\/wp-json\/wp\/v2\/posts"}],"about":[{"href":"https:\/\/blogdoedvaldomagalhaes.com.br\/index.php\/wp-json\/wp\/v2\/types\/post"}],"author":[{"embeddable":true,"href":"https:\/\/blogdoedvaldomagalhaes.com.br\/index.php\/wp-json\/wp\/v2\/users\/1"}],"replies":[{"embeddable":true,"href":"https:\/\/blogdoedvaldomagalhaes.com.br\/index.php\/wp-json\/wp\/v2\/comments?post=2364"}],"version-history":[{"count":1,"href":"https:\/\/blogdoedvaldomagalhaes.com.br\/index.php\/wp-json\/wp\/v2\/posts\/2364\/revisions"}],"predecessor-version":[{"id":31000,"href":"https:\/\/blogdoedvaldomagalhaes.com.br\/index.php\/wp-json\/wp\/v2\/posts\/2364\/revisions\/31000"}],"wp:attachment":[{"href":"https:\/\/blogdoedvaldomagalhaes.com.br\/index.php\/wp-json\/wp\/v2\/media?parent=2364"}],"wp:term":[{"taxonomy":"category","embeddable":true,"href":"https:\/\/blogdoedvaldomagalhaes.com.br\/index.php\/wp-json\/wp\/v2\/categories?post=2364"},{"taxonomy":"post_tag","embeddable":true,"href":"https:\/\/blogdoedvaldomagalhaes.com.br\/index.php\/wp-json\/wp\/v2\/tags?post=2364"}],"curies":[{"name":"wp","href":"https:\/\/api.w.org\/{rel}","templated":true}]}}