{"id":2363,"date":"2018-05-21T23:10:00","date_gmt":"2018-05-22T02:10:00","guid":{"rendered":"http:\/\/blogdoedvaldomagalhaes.com.br\/index.php\/2018\/05\/21\/morre-o-terceiro-policial-atropelado\/"},"modified":"2019-02-09T02:15:20","modified_gmt":"2019-02-09T04:15:20","slug":"morre-o-terceiro-policial-atropelado","status":"publish","type":"post","link":"https:\/\/blogdoedvaldomagalhaes.com.br\/index.php\/2018\/05\/21\/morre-o-terceiro-policial-atropelado\/","title":{"rendered":"Morre o terceiro policial atropelado por metr\u00f4 no Recife"},"content":{"rendered":"<div class=\"separator\" style=\"clear: both; text-align: center;\">\n<a href=\"https:\/\/2.bp.blogspot.com\/-xwYj9uG-xcI\/WwNRmJSgO3I\/AAAAAAAAx0E\/ys_rU1yfVYgoUf8_2_g1XE59d-qg_On8QCLcBGAs\/s1600\/zartur.jpg\" imageanchor=\"1\" style=\"margin-left: 1em; margin-right: 1em;\"><img loading=\"lazy\" decoding=\"async\" border=\"0\" data-original-height=\"365\" data-original-width=\"475\" height=\"490\" src=\"http:\/\/blogdoedvaldomagalhaes.com.br\/wp-content\/uploads\/2018\/05\/zartur.jpg\" width=\"640\" \/><\/a><\/div>\n<div class=\"separator\" style=\"clear: both; text-align: center;\">\nFoto: Arthur de Souza\/Folha de Pernambuco<br \/>Da Folha de Pernambuco<\/div>\n<div style=\"text-align: center;\">\n<\/div>\n<div style=\"text-align: justify;\">\nO policial militar Cl\u00e9cio Fagner Santos do Nascimento, de 36 anos, uma das quatro v\u00edtimas atropeladas por um metr\u00f4 na \u00faltima ter\u00e7a (15) no Recife, faleceu na tarde desta segunda-feira (21). A informa\u00e7\u00e3o foi confirmada, por meio de nota, pela Assessoria de Comunica\u00e7\u00e3o da Pol\u00edcia Militar de Pernambuco (PMPE). Cl\u00e9cio estava internado no Hospital da PM, no Derby, \u00e1rea central da capital.&nbsp;<\/div>\n<div style=\"text-align: justify;\">\n<\/div>\n<div style=\"text-align: justify;\">\nEle \u00e9 a terceira v\u00edtima fatal do acidente. Os PMs En\u00e9as Severino de Sena, de 40 anos, e do soldado Adeildo Jos\u00e9 Alves, tamb\u00e9m de 40 anos, morreram no dia do atropelamento e foram sepultados na \u00faltima quarta-feira (16) no Cemit\u00e9rio de Santo Amaro.<\/p>\n<p><\/p>\n<div class=\"separator\" style=\"clear: both; text-align: center;\">\n<a href=\"https:\/\/4.bp.blogspot.com\/-3JhAkSGxSGQ\/WwNchS90mjI\/AAAAAAAAx0c\/vasou9VPkE4ddnk52DM6NNxjp6caihcDgCLcBGAs\/s1600\/IMG-20180521-WA0450.jpg\" imageanchor=\"1\" style=\"margin-left: 1em; margin-right: 1em;\"><img loading=\"lazy\" decoding=\"async\" border=\"0\" data-original-height=\"918\" data-original-width=\"720\" height=\"640\" src=\"http:\/\/blogdoedvaldomagalhaes.com.br\/wp-content\/uploads\/2018\/05\/IMG-20180521-WA0450.jpg\" width=\"500\" \/><\/a><\/div>\n<p><\/div>\n<div style=\"text-align: justify;\">\nOutro policial foi atingido pela composi\u00e7\u00e3o. Luciano Antonio da Silva continua internado no Hospital da PM. O estado de sa\u00fade dele \u00e9 est\u00e1vel.<\/div>\n<div style=\"text-align: justify;\">\n<\/div>\n<div style=\"text-align: justify;\">\nPor meio de nota, a Pol\u00edcia Militar de Pernambuco lamentou a morte do soldado e decretou luto oficial de tr\u00eas dias. Detalhes sobre o sepultamento ser\u00e3o repassados posteriormente ap\u00f3s a corpora\u00e7\u00e3o consultar a fam\u00edlia do soldado Cl\u00e9cio (confira a nota abaixo).<\/div>\n<div style=\"text-align: justify;\">\n<\/div>\n<div style=\"text-align: justify;\">\nAcidente<\/div>\n<div style=\"text-align: justify;\">\nO acidente aconteceu durante uma a\u00e7\u00e3o policial na noite da \u00faltima ter\u00e7a-feira (15), \u00e0s 20h50, no bairro de S\u00e3o Jos\u00e9, nas proximidades da Esta\u00e7\u00e3o Joana Bezerra. Segundo a Pol\u00edcia Militar, o grupo procurava criminosos na \u00e1rea quando foi acertado por uma composi\u00e7\u00e3o do Metr\u00f4 do Recife.&nbsp;<\/div>\n<div style=\"text-align: justify;\">\n<\/div>\n<div style=\"text-align: justify;\">\nA Companhia Brasileira de Trens Urbanos (CBTU), por meio de nota, lamentou o ocorrido e informou que acionou, de imediato, os \u00f3rg\u00e3os competentes. A CBTU informou que &#8220;est\u00e1 \u00e0 disposi\u00e7\u00e3o para prestar os esclarecimentos \u00e0s autoridades respons\u00e1veis pela apura\u00e7\u00e3o do fato&#8221;.<\/div>\n<div style=\"text-align: justify;\">\n<\/div>\n<div style=\"text-align: justify;\">\nConfira a nota da PMPE:<\/div>\n<div style=\"text-align: justify;\">\n<\/div>\n<div style=\"text-align: justify;\">\nA Pol\u00edcia Militar lamenta informar que, ap\u00f3s lutar bravamente pela vida desde o tr\u00e1gico acidente com um trem do metr\u00f4, na ter\u00e7a-feira (15\/05), e receber todo o suporte m\u00e9dico da Corpora\u00e7\u00e3o, veio a \u00f3bito nesta segunda-feira o soldado Cl\u00e9cio Fagner Santos do Nascimento, 36 anos, sendo nove deles de excelentes servi\u00e7os prestados \u00e0 PMPE.<\/div>\n<div style=\"text-align: justify;\">\n<\/div>\n<div style=\"text-align: justify;\">\nO comandante geral da Corpora\u00e7\u00e3o, coronel Vanildo Maranh\u00e3o, em nome de toda a tropa, se solidariza com os familiares do soldado Cl\u00e9cio. Al\u00e9m das honras militares o comandante vai decretar tr\u00eas dias de luto oficial na PMPE.<\/div>\n<div style=\"text-align: justify;\">\n<\/div>\n<div style=\"text-align: justify;\">\nDetalhes sobre o sepultamento ser\u00e3o repassados posteriormente ap\u00f3s a corpora\u00e7\u00e3o consultar a fam\u00edlia do soldado Cl\u00e9cio.<\/div>\n<div style=\"text-align: justify;\">\n<\/div>\n<div style=\"text-align: justify;\">\nCoronel PM Vanildo Maranh\u00e3o<\/div>\n<div style=\"text-align: justify;\">\nComandante Geral da Pol\u00edcia Militar de Pernambuco<\/div>\n","protected":false},"excerpt":{"rendered":"<p>Foto: Arthur de Souza\/Folha de PernambucoDa Folha de Pernambuco O policial militar Cl\u00e9cio Fagner Santos do Nascimento, de 36 anos,&hellip;<\/p>\n","protected":false},"author":1,"featured_media":0,"comment_status":"open","ping_status":"open","sticky":false,"template":"","format":"standard","meta":{"footnotes":""},"categories":[1],"tags":[2,2519,6],"class_list":["post-2363","post","type-post","status-publish","format-standard","hentry","category-sem-categoria","tag-blog-do-edvaldo-magalhaes","tag-morre-o-terceiro-policial-atropelado-por-metro-no-recife","tag-noticias"],"_links":{"self":[{"href":"https:\/\/blogdoedvaldomagalhaes.com.br\/index.php\/wp-json\/wp\/v2\/posts\/2363","targetHints":{"allow":["GET"]}}],"collection":[{"href":"https:\/\/blogdoedvaldomagalhaes.com.br\/index.php\/wp-json\/wp\/v2\/posts"}],"about":[{"href":"https:\/\/blogdoedvaldomagalhaes.com.br\/index.php\/wp-json\/wp\/v2\/types\/post"}],"author":[{"embeddable":true,"href":"https:\/\/blogdoedvaldomagalhaes.com.br\/index.php\/wp-json\/wp\/v2\/users\/1"}],"replies":[{"embeddable":true,"href":"https:\/\/blogdoedvaldomagalhaes.com.br\/index.php\/wp-json\/wp\/v2\/comments?post=2363"}],"version-history":[{"count":1,"href":"https:\/\/blogdoedvaldomagalhaes.com.br\/index.php\/wp-json\/wp\/v2\/posts\/2363\/revisions"}],"predecessor-version":[{"id":31003,"href":"https:\/\/blogdoedvaldomagalhaes.com.br\/index.php\/wp-json\/wp\/v2\/posts\/2363\/revisions\/31003"}],"wp:attachment":[{"href":"https:\/\/blogdoedvaldomagalhaes.com.br\/index.php\/wp-json\/wp\/v2\/media?parent=2363"}],"wp:term":[{"taxonomy":"category","embeddable":true,"href":"https:\/\/blogdoedvaldomagalhaes.com.br\/index.php\/wp-json\/wp\/v2\/categories?post=2363"},{"taxonomy":"post_tag","embeddable":true,"href":"https:\/\/blogdoedvaldomagalhaes.com.br\/index.php\/wp-json\/wp\/v2\/tags?post=2363"}],"curies":[{"name":"wp","href":"https:\/\/api.w.org\/{rel}","templated":true}]}}