{"id":2361,"date":"2018-05-22T12:09:00","date_gmt":"2018-05-22T15:09:00","guid":{"rendered":"http:\/\/blogdoedvaldomagalhaes.com.br\/index.php\/2018\/05\/22\/icia-realiza-13-caminhada-para-obter\/"},"modified":"2019-02-09T02:15:20","modified_gmt":"2019-02-09T04:15:20","slug":"icia-realiza-13-caminhada-para-obter","status":"publish","type":"post","link":"https:\/\/blogdoedvaldomagalhaes.com.br\/index.php\/2018\/05\/22\/icia-realiza-13-caminhada-para-obter\/","title":{"rendered":"Icia realiza 13\u00aa Caminhada para obter recursos para constru\u00e7\u00e3o do Bloco Cir\u00fargico e UTI"},"content":{"rendered":"<div class=\"separator\" style=\"clear: both; text-align: center;\">\n<a href=\"https:\/\/2.bp.blogspot.com\/-uohDyGmAtYI\/WwQIDO3JCQI\/AAAAAAAAx00\/iIUNhx9izLM_HNMb7ZGKNS89j4SS9HS9gCLcBGAs\/s1600\/icia.jpg\" imageanchor=\"1\" style=\"margin-left: 1em; margin-right: 1em;\"><img loading=\"lazy\" decoding=\"async\" border=\"0\" data-original-height=\"1060\" data-original-width=\"1600\" height=\"422\" src=\"http:\/\/blogdoedvaldomagalhaes.com.br\/wp-content\/uploads\/2018\/05\/icia.jpg\" width=\"640\" \/><\/a><\/div>\n<div style=\"text-align: justify;\">\n<\/div>\n<div style=\"text-align: justify;\">\nNo dia 27 de maio, o Instituto do C\u00e2ncer Infantil do Agreste (ICIA), realiza a 13\u00aa Caminhada pela Vida, em Caruaru (PE). A concentra\u00e7\u00e3o ser\u00e1 em frente \u00e0 pra\u00e7a da crian\u00e7a, come\u00e7ando a partir das 14h, com atra\u00e7\u00f5es musicais e trios el\u00e9tricos. A Caminhada tem como objetivo obter recursos para constru\u00e7\u00e3o do bloco cir\u00fargico e UTI da institui\u00e7\u00e3o.<\/div>\n<div style=\"text-align: justify;\">\n<\/div>\n<div style=\"text-align: justify;\">\nO novo bloco ter\u00e1 900 metros quadrados, sendo a UTI com 10 leitos, mais um de isolamento. O centro cir\u00fargico ser\u00e1 composto de 6 salas cir\u00fargicas, com mais uma para infectados. A APEVISA \u2013 Ag\u00eancia Pernambucana de Vigil\u00e2ncia Sanit\u00e1ria j\u00e1 aprovou o projeto e o ICIA est\u00e1 em busca de recursos, que estimados, chegam perto de 18 milh\u00f5es de reais. As constru\u00e7\u00f5es come\u00e7am ainda em 2018.<\/div>\n<div style=\"text-align: justify;\">\n<\/div>\n<div style=\"text-align: justify;\">\nNo evento, haver\u00e1 uma grande mobiliza\u00e7\u00e3o de todos os setores da sociedade em prol da institui\u00e7\u00e3o, lembrando \u00e0 sociedade que, de acordo com dados divulgados pelo Instituto Nacional do C\u00e2ncer, estima-se que ocorrer\u00e3o cerca de 12.600 casos novos de c\u00e2ncer em crian\u00e7as e adolescentes no Brasil por ano em&nbsp; 2018. Assim como em pa\u00edses desenvolvidos, no Brasil, o c\u00e2ncer j\u00e1 representa a primeira causa de morte (8% do total) por doen\u00e7a entre crian\u00e7as e adolescentes de 1 a 19 anos.<\/div>\n<div style=\"text-align: justify;\">\n<\/div>\n<div style=\"text-align: justify;\">\nNas \u00faltimas quatro d\u00e9cadas, o progresso no tratamento do c\u00e2ncer na inf\u00e2ncia e na adolesc\u00eancia foi extremamente significativo. Hoje, em torno de 80% das crian\u00e7as e adolescentes acometidos de c\u00e2ncer podem ser curados, se diagnosticados precocemente e tratados em centros especializados. A maioria deles ter\u00e1 boa qualidade de vida ap\u00f3s o tratamento adequado.<\/div>\n<div style=\"text-align: justify;\">\n<\/div>\n<div style=\"text-align: justify;\">\nA expectativa \u00e9 que sejam vendidas cerca de tr\u00eas mil camisas para o evento, que ter\u00e1 shows de Rosimar Lemos, Benil, atividades l\u00fadicas, cosplays, pinturas em rosto e personagens infantis. As camisas da Caminhada est\u00e3o \u00e0 venda no Marco Zero, na Bodega Jo\u00e3o Doutor, Col\u00e9gio Santa Clara, M\u00facio Calazans, Stand Carvalheira na Fogueira (Shopping Difusora) e na sede do ICIA. O valor da camisa \u00e9 R$ 20. Fa\u00e7a sua parte, ajude o ICIA a salvar vidas!<\/div>\n<div style=\"text-align: justify;\">\n<\/div>\n<div style=\"text-align: justify;\">\n<\/div>\n","protected":false},"excerpt":{"rendered":"<p>No dia 27 de maio, o Instituto do C\u00e2ncer Infantil do Agreste (ICIA), realiza a 13\u00aa Caminhada pela Vida, em&hellip;<\/p>\n","protected":false},"author":1,"featured_media":0,"comment_status":"open","ping_status":"open","sticky":false,"template":"","format":"standard","meta":{"footnotes":""},"categories":[1],"tags":[2,2513,6],"class_list":["post-2361","post","type-post","status-publish","format-standard","hentry","category-sem-categoria","tag-blog-do-edvaldo-magalhaes","tag-icia-realiza-13a-caminhada-para-obter-recursos-para-construcao-do-bloco-cirurgico-e-uti","tag-noticias"],"_links":{"self":[{"href":"https:\/\/blogdoedvaldomagalhaes.com.br\/index.php\/wp-json\/wp\/v2\/posts\/2361","targetHints":{"allow":["GET"]}}],"collection":[{"href":"https:\/\/blogdoedvaldomagalhaes.com.br\/index.php\/wp-json\/wp\/v2\/posts"}],"about":[{"href":"https:\/\/blogdoedvaldomagalhaes.com.br\/index.php\/wp-json\/wp\/v2\/types\/post"}],"author":[{"embeddable":true,"href":"https:\/\/blogdoedvaldomagalhaes.com.br\/index.php\/wp-json\/wp\/v2\/users\/1"}],"replies":[{"embeddable":true,"href":"https:\/\/blogdoedvaldomagalhaes.com.br\/index.php\/wp-json\/wp\/v2\/comments?post=2361"}],"version-history":[{"count":1,"href":"https:\/\/blogdoedvaldomagalhaes.com.br\/index.php\/wp-json\/wp\/v2\/posts\/2361\/revisions"}],"predecessor-version":[{"id":31007,"href":"https:\/\/blogdoedvaldomagalhaes.com.br\/index.php\/wp-json\/wp\/v2\/posts\/2361\/revisions\/31007"}],"wp:attachment":[{"href":"https:\/\/blogdoedvaldomagalhaes.com.br\/index.php\/wp-json\/wp\/v2\/media?parent=2361"}],"wp:term":[{"taxonomy":"category","embeddable":true,"href":"https:\/\/blogdoedvaldomagalhaes.com.br\/index.php\/wp-json\/wp\/v2\/categories?post=2361"},{"taxonomy":"post_tag","embeddable":true,"href":"https:\/\/blogdoedvaldomagalhaes.com.br\/index.php\/wp-json\/wp\/v2\/tags?post=2361"}],"curies":[{"name":"wp","href":"https:\/\/api.w.org\/{rel}","templated":true}]}}