{"id":2360,"date":"2018-05-22T12:14:00","date_gmt":"2018-05-22T15:14:00","guid":{"rendered":"http:\/\/blogdoedvaldomagalhaes.com.br\/index.php\/2018\/05\/22\/arraia-das-comidas-gigantes-em-caruaru\/"},"modified":"2019-02-09T02:15:20","modified_gmt":"2019-02-09T04:15:20","slug":"arraia-das-comidas-gigantes-em-caruaru","status":"publish","type":"post","link":"https:\/\/blogdoedvaldomagalhaes.com.br\/index.php\/2018\/05\/22\/arraia-das-comidas-gigantes-em-caruaru\/","title":{"rendered":"&#8220;Arrai\u00e1 das Comidas Gigantes\u201d em Caruaru nesta ter\u00e7a-feira (22)"},"content":{"rendered":"<div class=\"separator\" style=\"clear: both; text-align: center;\">\n<a href=\"https:\/\/1.bp.blogspot.com\/--8oAfV6YRCc\/WwQJMaIGX2I\/AAAAAAAAx08\/TB80EJQ7ZOYBO3gd7C9F5v2384ICA2tmgCLcBGAs\/s1600\/sj.jpg\" imageanchor=\"1\" style=\"margin-left: 1em; margin-right: 1em;\"><img loading=\"lazy\" decoding=\"async\" border=\"0\" data-original-height=\"300\" data-original-width=\"295\" height=\"640\" src=\"http:\/\/blogdoedvaldomagalhaes.com.br\/wp-content\/uploads\/2018\/05\/sj.jpg\" width=\"629\" \/><\/a><\/div>\n<div style=\"background-color: white; box-sizing: border-box; line-height: 24px; margin-bottom: 10px; text-align: justify;\">\n<\/div>\n<div style=\"background-color: white; box-sizing: border-box; line-height: 24px; margin-bottom: 10px; text-align: justify;\">\nA Associa\u00e7\u00e3o dos Idealizadores das Comidas Gigantes de Caruaru realiza, na noite desta ter\u00e7a-feira (22), o \u201cArrai\u00e1 das Comidas Gigantes\u201d. Durante o evento, haver\u00e1 o lan\u00e7amento da programa\u00e7\u00e3o 2018 e Dia Nacional das Comidas Gigantes. A festa come\u00e7a \u00e0s 19h, na Rua Bar\u00e3o de Itamarac\u00e1, bairro Indian\u00f3polis.<\/div>\n<div style=\"background-color: white; box-sizing: border-box; line-height: 24px; margin-bottom: 10px; text-align: justify;\">\nAo todo, 14 comidas gigantes fazem parte da associa\u00e7\u00e3o, que este ano aborda o tema \u201cS\u00e3o Jo\u00e3o para todo mundo\u201d. A primeira festa ser\u00e1 o Chocolate Quente, no bairro S\u00e3o Jo\u00e3o da Esc\u00f3cia, no dia 2 de junho. No dia seguinte ser\u00e1 realizada a festa Tareco e Mariola, no bairro Vassoural.<\/div>\n<div style=\"background-color: white; box-sizing: border-box; line-height: 24px; margin-bottom: 10px; text-align: justify;\">\n<\/div>\n","protected":false},"excerpt":{"rendered":"<p>A Associa\u00e7\u00e3o dos Idealizadores das Comidas Gigantes de Caruaru realiza, na noite desta ter\u00e7a-feira (22), o \u201cArrai\u00e1 das Comidas Gigantes\u201d.&hellip;<\/p>\n","protected":false},"author":1,"featured_media":0,"comment_status":"open","ping_status":"open","sticky":false,"template":"","format":"standard","meta":{"footnotes":""},"categories":[1],"tags":[2511,1527,2,6,2512],"class_list":["post-2360","post","type-post","status-publish","format-standard","hentry","category-sem-categoria","tag-arraia-das-comidas-gigantes-em-caruaru-nesta-terca-feira-22","tag-bairro-indianopolis","tag-blog-do-edvaldo-magalhaes","tag-noticias","tag-rua-barao-de-itamaraca"],"_links":{"self":[{"href":"https:\/\/blogdoedvaldomagalhaes.com.br\/index.php\/wp-json\/wp\/v2\/posts\/2360","targetHints":{"allow":["GET"]}}],"collection":[{"href":"https:\/\/blogdoedvaldomagalhaes.com.br\/index.php\/wp-json\/wp\/v2\/posts"}],"about":[{"href":"https:\/\/blogdoedvaldomagalhaes.com.br\/index.php\/wp-json\/wp\/v2\/types\/post"}],"author":[{"embeddable":true,"href":"https:\/\/blogdoedvaldomagalhaes.com.br\/index.php\/wp-json\/wp\/v2\/users\/1"}],"replies":[{"embeddable":true,"href":"https:\/\/blogdoedvaldomagalhaes.com.br\/index.php\/wp-json\/wp\/v2\/comments?post=2360"}],"version-history":[{"count":1,"href":"https:\/\/blogdoedvaldomagalhaes.com.br\/index.php\/wp-json\/wp\/v2\/posts\/2360\/revisions"}],"predecessor-version":[{"id":31009,"href":"https:\/\/blogdoedvaldomagalhaes.com.br\/index.php\/wp-json\/wp\/v2\/posts\/2360\/revisions\/31009"}],"wp:attachment":[{"href":"https:\/\/blogdoedvaldomagalhaes.com.br\/index.php\/wp-json\/wp\/v2\/media?parent=2360"}],"wp:term":[{"taxonomy":"category","embeddable":true,"href":"https:\/\/blogdoedvaldomagalhaes.com.br\/index.php\/wp-json\/wp\/v2\/categories?post=2360"},{"taxonomy":"post_tag","embeddable":true,"href":"https:\/\/blogdoedvaldomagalhaes.com.br\/index.php\/wp-json\/wp\/v2\/tags?post=2360"}],"curies":[{"name":"wp","href":"https:\/\/api.w.org\/{rel}","templated":true}]}}