{"id":2354,"date":"2018-05-22T20:55:00","date_gmt":"2018-05-22T23:55:00","guid":{"rendered":"http:\/\/blogdoedvaldomagalhaes.com.br\/index.php\/2018\/05\/22\/tecnico-mauro-fernandes-pede\/"},"modified":"2019-02-09T02:15:24","modified_gmt":"2019-02-09T04:15:24","slug":"tecnico-mauro-fernandes-pede","status":"publish","type":"post","link":"https:\/\/blogdoedvaldomagalhaes.com.br\/index.php\/2018\/05\/22\/tecnico-mauro-fernandes-pede\/","title":{"rendered":"T\u00e9cnico Mauro Fernandes pede desligamento a diretoria do Central"},"content":{"rendered":"<div class=\"separator\" style=\"clear: both; text-align: center;\">\n<a href=\"https:\/\/1.bp.blogspot.com\/-BS7hn-HyrGM\/WwSDbXnvXFI\/AAAAAAAAx3g\/CpzRMFQGXAMMu6N5M2cOPodFObPZo3J0QCLcBGAs\/s1600\/mauro.jpg\" imageanchor=\"1\" style=\"margin-left: 1em; margin-right: 1em;\"><img loading=\"lazy\" decoding=\"async\" border=\"0\" data-original-height=\"960\" data-original-width=\"768\" height=\"640\" src=\"http:\/\/blogdoedvaldomagalhaes.com.br\/wp-content\/uploads\/2018\/05\/mauro.jpg\" width=\"510\" \/><\/a><\/div>\n<p><\/p>\n<div style=\"text-align: justify;\">\n<\/div>\n<div style=\"text-align: justify;\">\nEm comum acordo com a dire\u00e7\u00e3o do clube, o treinador vice-campe\u00e3o Pernambucano de 2018 pediu desligamento e n\u00e3o comandar\u00e1 a equipe na \u00faltima partida da S\u00e9rie D no pr\u00f3ximo domingo contra a Jacuipense\/BA.<\/div>\n<div style=\"text-align: justify;\">\n<\/div>\n<div style=\"text-align: justify;\">\nMauro chegou ao Central junto com seu auxiliar t\u00e9cnico Luiz Henrique e o gerente de futebol Adriano Coelho em 06 de novembro de 2017, quando foram apresentados oficialmente na Sala de Imprensa.<\/div>\n<div style=\"text-align: justify;\">\n<\/div>\n<div style=\"text-align: justify;\">\nO clube agradece o treinador pelos servi\u00e7os prestados e pela hist\u00f3rica campanha no Pernambucano. Fato in\u00e9dito em 99 anos de funda\u00e7\u00e3o do clube.<\/div>\n<div style=\"text-align: justify;\">\n<\/div>\n<div style=\"text-align: justify;\">\nMauro deixa um legado de lealdade, integridade e aprendizado para o futuro da Patativa. Profissional experiente que contribuiu muito com a espetacular campanha realizada no Estadual.<\/div>\n<div style=\"text-align: justify;\">\n<\/div>\n<div style=\"text-align: justify;\">\nCampanha essa que mexeu com a cidade, trouxe de volta o torcedor ao est\u00e1dio e mostrou que o Central tem tradi\u00e7\u00e3o.<\/div>\n","protected":false},"excerpt":{"rendered":"<p>Em comum acordo com a dire\u00e7\u00e3o do clube, o treinador vice-campe\u00e3o Pernambucano de 2018 pediu desligamento e n\u00e3o comandar\u00e1 a&hellip;<\/p>\n","protected":false},"author":1,"featured_media":0,"comment_status":"open","ping_status":"open","sticky":false,"template":"","format":"standard","meta":{"footnotes":""},"categories":[1],"tags":[2,3,2505],"class_list":["post-2354","post","type-post","status-publish","format-standard","hentry","category-sem-categoria","tag-blog-do-edvaldo-magalhaes","tag-futebol","tag-tecnico-mauro-fernandes-pede-desligamento-a-diretoria-do-central"],"_links":{"self":[{"href":"https:\/\/blogdoedvaldomagalhaes.com.br\/index.php\/wp-json\/wp\/v2\/posts\/2354","targetHints":{"allow":["GET"]}}],"collection":[{"href":"https:\/\/blogdoedvaldomagalhaes.com.br\/index.php\/wp-json\/wp\/v2\/posts"}],"about":[{"href":"https:\/\/blogdoedvaldomagalhaes.com.br\/index.php\/wp-json\/wp\/v2\/types\/post"}],"author":[{"embeddable":true,"href":"https:\/\/blogdoedvaldomagalhaes.com.br\/index.php\/wp-json\/wp\/v2\/users\/1"}],"replies":[{"embeddable":true,"href":"https:\/\/blogdoedvaldomagalhaes.com.br\/index.php\/wp-json\/wp\/v2\/comments?post=2354"}],"version-history":[{"count":1,"href":"https:\/\/blogdoedvaldomagalhaes.com.br\/index.php\/wp-json\/wp\/v2\/posts\/2354\/revisions"}],"predecessor-version":[{"id":31025,"href":"https:\/\/blogdoedvaldomagalhaes.com.br\/index.php\/wp-json\/wp\/v2\/posts\/2354\/revisions\/31025"}],"wp:attachment":[{"href":"https:\/\/blogdoedvaldomagalhaes.com.br\/index.php\/wp-json\/wp\/v2\/media?parent=2354"}],"wp:term":[{"taxonomy":"category","embeddable":true,"href":"https:\/\/blogdoedvaldomagalhaes.com.br\/index.php\/wp-json\/wp\/v2\/categories?post=2354"},{"taxonomy":"post_tag","embeddable":true,"href":"https:\/\/blogdoedvaldomagalhaes.com.br\/index.php\/wp-json\/wp\/v2\/tags?post=2354"}],"curies":[{"name":"wp","href":"https:\/\/api.w.org\/{rel}","templated":true}]}}