{"id":2352,"date":"2018-05-22T21:50:00","date_gmt":"2018-05-23T00:50:00","guid":{"rendered":"http:\/\/blogdoedvaldomagalhaes.com.br\/index.php\/2018\/05\/22\/protesto-contra-aumento-nos-precos-dos\/"},"modified":"2019-02-09T02:15:25","modified_gmt":"2019-02-09T04:15:25","slug":"protesto-contra-aumento-nos-precos-dos","status":"publish","type":"post","link":"https:\/\/blogdoedvaldomagalhaes.com.br\/index.php\/2018\/05\/22\/protesto-contra-aumento-nos-precos-dos\/","title":{"rendered":"Protesto contra aumento nos pre\u00e7os dos combust\u00edveis fecha BR-104 em Toritama"},"content":{"rendered":"<div class=\"separator\" style=\"clear: both; text-align: center;\">\n<a href=\"https:\/\/2.bp.blogspot.com\/-343_28kjEyw\/WwSQEsPNkUI\/AAAAAAAAx38\/JAQk1rL9Ptk72JaX0KRZcPDoSAPhY6tzACLcBGAs\/s1600\/IMG-20180522-WA0269.jpg\" imageanchor=\"1\" style=\"margin-left: 1em; margin-right: 1em;\"><img loading=\"lazy\" decoding=\"async\" border=\"0\" data-original-height=\"720\" data-original-width=\"1280\" height=\"360\" src=\"http:\/\/blogdoedvaldomagalhaes.com.br\/wp-content\/uploads\/2018\/05\/IMG-20180522-WA0269.jpg\" width=\"640\" \/><\/a><\/div>\n<p><\/p>\n<div class=\"separator\" style=\"clear: both; text-align: center;\">\n<a href=\"https:\/\/3.bp.blogspot.com\/-vDH5jyMMR6w\/WwSQKF2MM8I\/AAAAAAAAx4A\/ThIRxoV4J8McAuPzMksPY4boZx8DPLkfQCLcBGAs\/s1600\/IMG-20180522-WA0276.jpg\" imageanchor=\"1\" style=\"margin-left: 1em; margin-right: 1em;\"><img loading=\"lazy\" decoding=\"async\" border=\"0\" data-original-height=\"581\" data-original-width=\"1032\" height=\"360\" src=\"http:\/\/blogdoedvaldomagalhaes.com.br\/wp-content\/uploads\/2018\/05\/IMG-20180522-WA0276.jpg\" width=\"640\" \/><\/a><\/div>\n<p><\/p>\n<div class=\"separator\" style=\"clear: both; text-align: center;\">\n<a href=\"https:\/\/4.bp.blogspot.com\/-o_Sf7tKbvBg\/WwSQL3knDyI\/AAAAAAAAx4E\/T5pBB6ZkypwTxuhErQFjYRziGgUmBZwgQCLcBGAs\/s1600\/IMG-20180522-WA0277.jpg\" imageanchor=\"1\" style=\"margin-left: 1em; margin-right: 1em;\"><img loading=\"lazy\" decoding=\"async\" border=\"0\" data-original-height=\"581\" data-original-width=\"1032\" height=\"360\" src=\"http:\/\/blogdoedvaldomagalhaes.com.br\/wp-content\/uploads\/2018\/05\/IMG-20180522-WA0277.jpg\" width=\"640\" \/><\/a><\/div>\n<p><\/p>\n<div class=\"separator\" style=\"clear: both; text-align: center;\">\n<a href=\"https:\/\/3.bp.blogspot.com\/-GkCXcMPDfJk\/WwSQOZY9kaI\/AAAAAAAAx4I\/8OyLDTNadYclikgXrfgVM7GwxAXOKX6gACLcBGAs\/s1600\/IMG-20180522-WA0278.jpg\" imageanchor=\"1\" style=\"margin-left: 1em; margin-right: 1em;\"><img loading=\"lazy\" decoding=\"async\" border=\"0\" data-original-height=\"581\" data-original-width=\"1032\" height=\"360\" src=\"http:\/\/blogdoedvaldomagalhaes.com.br\/wp-content\/uploads\/2018\/05\/IMG-20180522-WA0278.jpg\" width=\"640\" \/><\/a><\/div>\n<div style=\"text-align: justify;\">\n<\/div>\n<div class=\"_5pbx userContent _3576\" data-ft=\"{&quot;tn&quot;:&quot;K&quot;}\" id=\"js_wv\">\n<div style=\"text-align: justify;\">\n<div style=\"background-color: white; box-sizing: border-box; line-height: 24px; margin-bottom: 10px;\">\nCaminhoneiros seguiram realizando protestos nesta ter\u00e7a-feira (22) em v\u00e1rias cidades do Pa\u00eds. No in\u00edcio da tarde os manifestantes bloquearam a BR-101, em Abreu e Lima, Regi\u00e3o Metropolitana do Recife. Pela manh\u00e3, o protesto ocorreu em Jaboat\u00e3o dos Guararapes, no sentido Litoral Sul.<\/div>\n<div style=\"background-color: white; box-sizing: border-box; line-height: 24px; margin-bottom: 10px;\">\nNo in\u00edcio desta noite, um grupo fechou a BR-104, em Toritama, Agreste pernambucano. Os motoristas atearam fogo em pneus para interditar a rodovia.Tamb\u00e9m aconteceram manifesta\u00e7\u00f5es na BR-423, em Garanhuns, e em Belo Jardim.<\/div>\n<div style=\"background-color: white; box-sizing: border-box; line-height: 24px; margin-bottom: 10px;\">\nNa segunda (21), aconteceu manifesta\u00e7\u00e3o em Caruaru, iniciando na PE-95 e seguindo pela BR-104.<\/div>\n<div style=\"background-color: white; box-sizing: border-box; line-height: 24px; margin-bottom: 10px;\">\nO protesto \u00e9 contra o aumento do combust\u00edvel, especialmente o diesel. Os caminhoneiros tamb\u00e9m se queixam do valor do repasse do frete e da taxa de ped\u00e1gio.<\/div>\n<p><\/p>\n<div style=\"background-color: white; box-sizing: border-box; line-height: 24px; margin-bottom: 10px;\">\nEm meio a discuss\u00f5es dentro do governo sobre a alta dos combust\u00edveis e protestos, a Petrobras decidiu reduzir os pre\u00e7os da gasolina em 2,08% e os do diesel em 1,54% nas refinarias a partir desta quarta-feira (23).<\/div>\n<div style=\"background-color: white; box-sizing: border-box; line-height: 24px; margin-bottom: 10px;\">\n<\/div>\n<div class=\"separator\" style=\"clear: both; text-align: center;\">\n<a href=\"https:\/\/3.bp.blogspot.com\/-rbDNbmYMV-0\/WwSYwgEJR2I\/AAAAAAAAx4Y\/6Bl4-JG8ZfsXiPOv9rbAo9eb85dvlE3IgCLcBGAs\/s1600\/IMG-20180522-WA0312.jpg\" imageanchor=\"1\" style=\"margin-left: 1em; margin-right: 1em;\"><img loading=\"lazy\" decoding=\"async\" border=\"0\" data-original-height=\"581\" data-original-width=\"1032\" height=\"360\" src=\"http:\/\/blogdoedvaldomagalhaes.com.br\/wp-content\/uploads\/2018\/05\/IMG-20180522-WA0312.jpg\" width=\"640\" \/><\/a><\/div>\n<p><\/p>\n<div class=\"separator\" style=\"clear: both; text-align: center;\">\n<a href=\"https:\/\/2.bp.blogspot.com\/-F1xn1XA-Nm4\/WwSYzGL4ZEI\/AAAAAAAAx4c\/Qd5FvJ5ljVQ4sB-M6JkNJeNo-PXzc1FmQCLcBGAs\/s1600\/IMG-20180522-WA0313.jpg\" imageanchor=\"1\" style=\"margin-left: 1em; margin-right: 1em;\"><img loading=\"lazy\" decoding=\"async\" border=\"0\" data-original-height=\"581\" data-original-width=\"1032\" height=\"360\" src=\"http:\/\/blogdoedvaldomagalhaes.com.br\/wp-content\/uploads\/2018\/05\/IMG-20180522-WA0313.jpg\" width=\"640\" \/><\/a><\/div>\n<p><\/p>\n<div class=\"separator\" style=\"clear: both; text-align: center;\">\n<a href=\"https:\/\/3.bp.blogspot.com\/-WxXRNPmYWfM\/WwSY1dkj7WI\/AAAAAAAAx4g\/QMcuGcHSk9Q1SGhYoeKRHuB2YMOoRFpIACLcBGAs\/s1600\/IMG-20180522-WA0315.jpg\" imageanchor=\"1\" style=\"margin-left: 1em; margin-right: 1em;\"><img loading=\"lazy\" decoding=\"async\" border=\"0\" data-original-height=\"581\" data-original-width=\"1032\" height=\"360\" src=\"http:\/\/blogdoedvaldomagalhaes.com.br\/wp-content\/uploads\/2018\/05\/IMG-20180522-WA0315.jpg\" width=\"640\" \/><\/a><\/div>\n<p><\/p>\n<div class=\"separator\" style=\"clear: both; text-align: center;\">\n<a href=\"https:\/\/3.bp.blogspot.com\/-hEmUXFQ3cwA\/WwSZA1URoiI\/AAAAAAAAx40\/m4gRcm8IYRg35tt_L5KrRYFl8Q04NbAkQCLcBGAs\/s1600\/IMG-20180522-WA0297.jpg\" imageanchor=\"1\" style=\"margin-left: 1em; margin-right: 1em;\"><img loading=\"lazy\" decoding=\"async\" border=\"0\" data-original-height=\"584\" data-original-width=\"1040\" height=\"358\" src=\"http:\/\/blogdoedvaldomagalhaes.com.br\/wp-content\/uploads\/2018\/05\/IMG-20180522-WA0297.jpg\" width=\"640\" \/><\/a><\/div>\n<p><\/p>\n<div class=\"separator\" style=\"clear: both; text-align: center;\">\n<a href=\"https:\/\/3.bp.blogspot.com\/-eT0DFeOLGjo\/WwSZCanoSbI\/AAAAAAAAx44\/JIDFrocXYc4QVD-2HUtG00VaKBOlyx5IACLcBGAs\/s1600\/IMG-20180522-WA0296.jpg\" imageanchor=\"1\" style=\"margin-left: 1em; margin-right: 1em;\"><img loading=\"lazy\" decoding=\"async\" border=\"0\" data-original-height=\"584\" data-original-width=\"1040\" height=\"358\" src=\"http:\/\/blogdoedvaldomagalhaes.com.br\/wp-content\/uploads\/2018\/05\/IMG-20180522-WA0296.jpg\" width=\"640\" \/><\/a><\/div>\n<p><\/p>\n<div class=\"separator\" style=\"clear: both; text-align: center;\">\n<a href=\"https:\/\/1.bp.blogspot.com\/-VWPtHgyFqao\/WwSZFZWV8zI\/AAAAAAAAx5A\/qxD9tHFoPF82I38aMcal83ejVo0U9qSNgCLcBGAs\/s1600\/IMG-20180522-WA0295.jpg\" imageanchor=\"1\" style=\"margin-left: 1em; margin-right: 1em;\"><img loading=\"lazy\" decoding=\"async\" border=\"0\" data-original-height=\"720\" data-original-width=\"1280\" height=\"360\" src=\"http:\/\/blogdoedvaldomagalhaes.com.br\/wp-content\/uploads\/2018\/05\/IMG-20180522-WA0295.jpg\" width=\"640\" \/><\/a><\/div>\n<p><\/p>\n<div class=\"separator\" style=\"clear: both; text-align: center;\">\n<a href=\"https:\/\/1.bp.blogspot.com\/-lJ1kWr9jxAw\/WwSZGxzIZaI\/AAAAAAAAx5E\/mnB1Nus_bYsuay1hVDOnlbM87lqm5OL-wCLcBGAs\/s1600\/IMG-20180522-WA0294.jpg\" imageanchor=\"1\" style=\"margin-left: 1em; margin-right: 1em;\"><img loading=\"lazy\" decoding=\"async\" border=\"0\" data-original-height=\"721\" data-original-width=\"1280\" height=\"360\" src=\"http:\/\/blogdoedvaldomagalhaes.com.br\/wp-content\/uploads\/2018\/05\/IMG-20180522-WA0294.jpg\" width=\"640\" \/><\/a><\/div>\n<p><\/div>\n<\/div>\n<div class=\"_3x-2\" data-ft=\"{&quot;tn&quot;:&quot;H&quot;}\">\n<div data-ft=\"{&quot;tn&quot;:&quot;H&quot;}\">\n<div class=\"mtm\">\n<div class=\"_6m2 _1zpr clearfix _dcs _4_w4 _6m8 _59ap\" data-ft=\"{&quot;tn&quot;:&quot;H&quot;}\" id=\"u_ps_jsonp_10_4_s\">\n<div class=\"clearfix _2r3x\">\n<div class=\"lfloat _ohe\">\n<\/p>\n<div class=\"_150c\" data-ft=\"{&quot;tn&quot;:&quot;F&quot;}\">\n<\/div>\n<\/div>\n<\/div>\n<\/div>\n<\/div>\n<\/div>\n<\/div>\n","protected":false},"excerpt":{"rendered":"<p>Caminhoneiros seguiram realizando protestos nesta ter\u00e7a-feira (22) em v\u00e1rias cidades do Pa\u00eds. No in\u00edcio da tarde os manifestantes bloquearam a&hellip;<\/p>\n","protected":false},"author":1,"featured_media":0,"comment_status":"open","ping_status":"open","sticky":false,"template":"","format":"standard","meta":{"footnotes":""},"categories":[1],"tags":[2,6,2503],"class_list":["post-2352","post","type-post","status-publish","format-standard","hentry","category-sem-categoria","tag-blog-do-edvaldo-magalhaes","tag-noticias","tag-protesto-contra-aumento-nos-precos-dos-combustiveis-fecha-br-104-em-toritama"],"_links":{"self":[{"href":"https:\/\/blogdoedvaldomagalhaes.com.br\/index.php\/wp-json\/wp\/v2\/posts\/2352","targetHints":{"allow":["GET"]}}],"collection":[{"href":"https:\/\/blogdoedvaldomagalhaes.com.br\/index.php\/wp-json\/wp\/v2\/posts"}],"about":[{"href":"https:\/\/blogdoedvaldomagalhaes.com.br\/index.php\/wp-json\/wp\/v2\/types\/post"}],"author":[{"embeddable":true,"href":"https:\/\/blogdoedvaldomagalhaes.com.br\/index.php\/wp-json\/wp\/v2\/users\/1"}],"replies":[{"embeddable":true,"href":"https:\/\/blogdoedvaldomagalhaes.com.br\/index.php\/wp-json\/wp\/v2\/comments?post=2352"}],"version-history":[{"count":1,"href":"https:\/\/blogdoedvaldomagalhaes.com.br\/index.php\/wp-json\/wp\/v2\/posts\/2352\/revisions"}],"predecessor-version":[{"id":31039,"href":"https:\/\/blogdoedvaldomagalhaes.com.br\/index.php\/wp-json\/wp\/v2\/posts\/2352\/revisions\/31039"}],"wp:attachment":[{"href":"https:\/\/blogdoedvaldomagalhaes.com.br\/index.php\/wp-json\/wp\/v2\/media?parent=2352"}],"wp:term":[{"taxonomy":"category","embeddable":true,"href":"https:\/\/blogdoedvaldomagalhaes.com.br\/index.php\/wp-json\/wp\/v2\/categories?post=2352"},{"taxonomy":"post_tag","embeddable":true,"href":"https:\/\/blogdoedvaldomagalhaes.com.br\/index.php\/wp-json\/wp\/v2\/tags?post=2352"}],"curies":[{"name":"wp","href":"https:\/\/api.w.org\/{rel}","templated":true}]}}