{"id":234,"date":"2019-01-12T21:26:00","date_gmt":"2019-01-12T23:26:00","guid":{"rendered":"http:\/\/blogdoedvaldomagalhaes.com.br\/index.php\/2019\/01\/12\/fortes-chuvas-registradas-na-mata-su\/"},"modified":"2019-02-09T02:49:11","modified_gmt":"2019-02-09T04:49:11","slug":"fortes-chuvas-registradas-na-mata-su","status":"publish","type":"post","link":"https:\/\/blogdoedvaldomagalhaes.com.br\/index.php\/2019\/01\/12\/fortes-chuvas-registradas-na-mata-su\/","title":{"rendered":"Fortes chuvas registradas na Mata Sul de Pernambuco neste s\u00e1bado (12)"},"content":{"rendered":"<div class=\"separator\" style=\"clear: both; text-align: center;\">\n<a href=\"https:\/\/4.bp.blogspot.com\/-MSPc98_j7Y4\/XDpbVoqaA5I\/AAAAAAABA_s\/gfzvSOJ1H9szl813tsv6RU3g6FzsT7idgCLcBGAs\/s1600\/IMG-20190112-WA0082.jpg\" imageanchor=\"1\" style=\"margin-left: 1em; margin-right: 1em;\"><img loading=\"lazy\" decoding=\"async\" border=\"0\" data-original-height=\"780\" data-original-width=\"1040\" height=\"480\" src=\"http:\/\/blogdoedvaldomagalhaes.com.br\/wp-content\/uploads\/2019\/01\/IMG-20190112-WA0082.jpg\" width=\"640\" \/><\/a><\/div>\n<div class=\"separator\" style=\"clear: both; text-align: center;\">\nFoto de posto de combust\u00edveis em Batateiras: Reprodu\u00e7\u00e3o\/WhatsApp<\/div>\n<div class=\"separator\" style=\"clear: both; text-align: center;\">\n<\/div>\n<div class=\"separator\" style=\"clear: both; text-align: justify;\">\nNa tarde deste s\u00e1bado (12), foram registradas fortes chuvas e ventos em munic\u00edpios da zona da Mata Sul de Pernambuco, sendo&nbsp; Bel\u00e9m de Maria (27 mil\u00edmetros), Catende (50 mil\u00edmetros) e Joaquim Nabuco (25 mil\u00edmetros).<\/div>\n<div class=\"separator\" style=\"clear: both; text-align: justify;\">\n<\/div>\n<div class=\"separator\" style=\"clear: both; text-align: center;\">\n<a href=\"https:\/\/4.bp.blogspot.com\/-KnJcUzT5BqE\/XDphGCgQWPI\/AAAAAAABA_4\/krtUld_5wxsZChDqMGQws2FGClF7wcSogCLcBGAs\/s1600\/catende%2B1.jpg\" imageanchor=\"1\" style=\"margin-left: 1em; margin-right: 1em;\"><img loading=\"lazy\" decoding=\"async\" border=\"0\" data-original-height=\"690\" data-original-width=\"552\" height=\"640\" src=\"http:\/\/blogdoedvaldomagalhaes.com.br\/wp-content\/uploads\/2019\/01\/catende1.jpg\" width=\"512\" \/><\/a><\/div>\n<div class=\"separator\" style=\"clear: both; text-align: center;\">\nFoto da cidade de Catende: Reprodu\u00e7\u00e3o\/WhatsApp<\/div>\n<div class=\"separator\" style=\"clear: both; text-align: justify;\">\n<\/div>\n<div class=\"separator\" style=\"clear: both; text-align: justify;\">\nAs ruas das cidades de Joaquim Nabuco e Catende, ficaram alagadas, enquanto que o evento derrubou a cobertura de um posto de combust\u00edveis no distrito de Batateiras, no munic\u00edpio de Bel\u00e9m de Maria.<\/div>\n<div class=\"separator\" style=\"clear: both; text-align: justify;\">\n<\/div>\n<div class=\"separator\" style=\"clear: both; text-align: justify;\">\nNa cidade de Joaquim Nabuco, a chuva foi t\u00e3o forte, que alagou a feira livre da cidade.&nbsp;Alguns feirantes tiveram preju\u00edzos com os seus produtos.<\/div>\n<div class=\"separator\" style=\"clear: both; text-align: justify;\">\n<\/div>\n<div class=\"separator\" style=\"clear: both; text-align: justify;\">\nVeja o v\u00eddeo gravado em Catende:&nbsp;<\/div>\n<div class=\"separator\" style=\"clear: both; text-align: justify;\">\n<\/div>\n<div class=\"separator\" style=\"clear: both; text-align: justify;\">\n<\/div>\n<div class=\"separator\" style=\"clear: both; text-align: justify;\">\nVeja o v\u00eddeo gravado em um condom\u00ednio em Tamandar\u00e9:<\/div>\n<div class=\"separator\" style=\"clear: both; text-align: justify;\">\n<\/div>\n<div class=\"separator\" style=\"clear: both; text-align: justify;\">\n<\/div>\n<div class=\"separator\" style=\"clear: both; text-align: justify;\">\n<\/div>\n","protected":false},"excerpt":{"rendered":"<p>Foto de posto de combust\u00edveis em Batateiras: Reprodu\u00e7\u00e3o\/WhatsApp Na tarde deste s\u00e1bado (12), foram registradas fortes chuvas e ventos em&hellip;<\/p>\n","protected":false},"author":1,"featured_media":0,"comment_status":"open","ping_status":"open","sticky":false,"template":"","format":"standard","meta":{"footnotes":""},"categories":[1],"tags":[2,245,6],"class_list":["post-234","post","type-post","status-publish","format-standard","hentry","category-sem-categoria","tag-blog-do-edvaldo-magalhaes","tag-fortes-chuvas-registradas-na-mata-sul-de-pernambuco-neste-sabado-12","tag-noticias"],"_links":{"self":[{"href":"https:\/\/blogdoedvaldomagalhaes.com.br\/index.php\/wp-json\/wp\/v2\/posts\/234","targetHints":{"allow":["GET"]}}],"collection":[{"href":"https:\/\/blogdoedvaldomagalhaes.com.br\/index.php\/wp-json\/wp\/v2\/posts"}],"about":[{"href":"https:\/\/blogdoedvaldomagalhaes.com.br\/index.php\/wp-json\/wp\/v2\/types\/post"}],"author":[{"embeddable":true,"href":"https:\/\/blogdoedvaldomagalhaes.com.br\/index.php\/wp-json\/wp\/v2\/users\/1"}],"replies":[{"embeddable":true,"href":"https:\/\/blogdoedvaldomagalhaes.com.br\/index.php\/wp-json\/wp\/v2\/comments?post=234"}],"version-history":[{"count":1,"href":"https:\/\/blogdoedvaldomagalhaes.com.br\/index.php\/wp-json\/wp\/v2\/posts\/234\/revisions"}],"predecessor-version":[{"id":37422,"href":"https:\/\/blogdoedvaldomagalhaes.com.br\/index.php\/wp-json\/wp\/v2\/posts\/234\/revisions\/37422"}],"wp:attachment":[{"href":"https:\/\/blogdoedvaldomagalhaes.com.br\/index.php\/wp-json\/wp\/v2\/media?parent=234"}],"wp:term":[{"taxonomy":"category","embeddable":true,"href":"https:\/\/blogdoedvaldomagalhaes.com.br\/index.php\/wp-json\/wp\/v2\/categories?post=234"},{"taxonomy":"post_tag","embeddable":true,"href":"https:\/\/blogdoedvaldomagalhaes.com.br\/index.php\/wp-json\/wp\/v2\/tags?post=234"}],"curies":[{"name":"wp","href":"https:\/\/api.w.org\/{rel}","templated":true}]}}