{"id":2333,"date":"2018-05-23T19:58:00","date_gmt":"2018-05-23T22:58:00","guid":{"rendered":"http:\/\/blogdoedvaldomagalhaes.com.br\/index.php\/2018\/05\/23\/confira-as-cidades-que-estao-se\/"},"modified":"2019-02-09T02:15:42","modified_gmt":"2019-02-09T04:15:42","slug":"confira-as-cidades-que-estao-se","status":"publish","type":"post","link":"https:\/\/blogdoedvaldomagalhaes.com.br\/index.php\/2018\/05\/23\/confira-as-cidades-que-estao-se\/","title":{"rendered":"Confira as cidades que est\u00e3o sem combust\u00edveis em Pernambuco"},"content":{"rendered":"<div class=\"separator\" style=\"clear: both; text-align: center;\">\n<a href=\"https:\/\/3.bp.blogspot.com\/-wXoeVlMLROo\/WwXHQcvRwsI\/AAAAAAAAx_o\/M6j-WPHPwY005OXCTT5UwKX0aXJXz7g5ACLcBGAs\/s1600\/n%2Btem.jpg\" imageanchor=\"1\" style=\"margin-left: 1em; margin-right: 1em;\"><img loading=\"lazy\" decoding=\"async\" border=\"0\" data-original-height=\"375\" data-original-width=\"500\" height=\"480\" src=\"http:\/\/blogdoedvaldomagalhaes.com.br\/wp-content\/uploads\/2018\/05\/ntem.jpg\" width=\"640\" \/><\/a><\/div>\n<p><\/p>\n<div style=\"text-align: justify;\">\nV\u00e1rias cidades em Pernambuco j\u00e1 est\u00e3o sem combust\u00edveis:&nbsp;<\/p>\n<\/div>\n<div style=\"text-align: justify;\">\nNossa senhora do \u00d3<\/div>\n<div style=\"text-align: justify;\">\nIpojuca<\/div>\n<div style=\"text-align: justify;\">\nSerrambi<\/div>\n<div style=\"text-align: justify;\">\nGaib\u00fa<\/div>\n<div style=\"text-align: justify;\">\nPorto de Galinhas<\/div>\n<div style=\"text-align: justify;\">\nCabo de Santo Agostinho<\/div>\n<div style=\"text-align: justify;\">\nEscada<\/div>\n<div style=\"text-align: justify;\">\nRibeir\u00e3o<\/div>\n<div style=\"text-align: justify;\">\nPalmares<\/div>\n<div style=\"text-align: justify;\">\nAmaraji<\/div>\n<div style=\"text-align: justify;\">\nCh\u00e3 Grande<\/div>\n<div style=\"text-align: justify;\">\nPombos<\/div>\n<div style=\"text-align: justify;\">\nVitoria Santo Ant\u00e3o<\/div>\n<div style=\"text-align: justify;\">\nGravat\u00e1<\/div>\n<div style=\"text-align: justify;\">\nBezerros<br \/>\nToritama&nbsp;<br \/>\nGaranhuns<br \/>\nBonito&nbsp;<br \/>\nS\u00e3o Joaquim do Monte<br \/>\nBarra de Guabiraba<br \/>\nLimoeiro&nbsp;<br \/>\nPaudalho<br \/>\nAltinho&nbsp;<br \/>\nFeira Nova&nbsp;<br \/>\nGl\u00f3ria do Goit\u00e1<br \/>\nCh\u00e3 de Alegria<br \/>\nSanta Cruz do Capibairbe<br \/>\nCamocim de S\u00e3o F\u00e9lix&nbsp;<br \/>\nSert\u00e2nia<br \/>\nPesqueira<br \/>\nBrejo da madre de Deus<br \/>\nSanta Maria do Cambuc\u00e1<br \/>\nBelo Jardim<br \/>\nSanhar\u00f3<br \/>\nSurubim<br \/>\nJo\u00e3o Alfredo<br \/>\nBom Jardim<br \/>\nAgrestina<\/p>\n<p>Em Caruaru e outras cidades, provavelmente o combust\u00edvel acabe ainda hoje. Caminhoneiros fecharam entrada\/sa\u00edda do Porto de Suape ningu\u00e9m abastece. Todo o estado dever\u00e1 ficar sem combust\u00edvel.<\/p>\n<p>Contiue &nbsp;acessando o Blog do Edvaldo Magalh\u00e3es, estamos consultando outras cidades e atualizando as informa\u00e7\u00f5es constantemente.<\/p><\/div>\n","protected":false},"excerpt":{"rendered":"<p>V\u00e1rias cidades em Pernambuco j\u00e1 est\u00e3o sem combust\u00edveis:&nbsp; Nossa senhora do \u00d3 Ipojuca Serrambi Gaib\u00fa Porto de Galinhas Cabo de&hellip;<\/p>\n","protected":false},"author":1,"featured_media":0,"comment_status":"open","ping_status":"open","sticky":false,"template":"","format":"standard","meta":{"footnotes":""},"categories":[1],"tags":[2,2481,6],"class_list":["post-2333","post","type-post","status-publish","format-standard","hentry","category-sem-categoria","tag-blog-do-edvaldo-magalhaes","tag-confira-as-cidades-que-estao-sem-combustiveis-em-pernambuco","tag-noticias"],"_links":{"self":[{"href":"https:\/\/blogdoedvaldomagalhaes.com.br\/index.php\/wp-json\/wp\/v2\/posts\/2333","targetHints":{"allow":["GET"]}}],"collection":[{"href":"https:\/\/blogdoedvaldomagalhaes.com.br\/index.php\/wp-json\/wp\/v2\/posts"}],"about":[{"href":"https:\/\/blogdoedvaldomagalhaes.com.br\/index.php\/wp-json\/wp\/v2\/types\/post"}],"author":[{"embeddable":true,"href":"https:\/\/blogdoedvaldomagalhaes.com.br\/index.php\/wp-json\/wp\/v2\/users\/1"}],"replies":[{"embeddable":true,"href":"https:\/\/blogdoedvaldomagalhaes.com.br\/index.php\/wp-json\/wp\/v2\/comments?post=2333"}],"version-history":[{"count":1,"href":"https:\/\/blogdoedvaldomagalhaes.com.br\/index.php\/wp-json\/wp\/v2\/posts\/2333\/revisions"}],"predecessor-version":[{"id":31092,"href":"https:\/\/blogdoedvaldomagalhaes.com.br\/index.php\/wp-json\/wp\/v2\/posts\/2333\/revisions\/31092"}],"wp:attachment":[{"href":"https:\/\/blogdoedvaldomagalhaes.com.br\/index.php\/wp-json\/wp\/v2\/media?parent=2333"}],"wp:term":[{"taxonomy":"category","embeddable":true,"href":"https:\/\/blogdoedvaldomagalhaes.com.br\/index.php\/wp-json\/wp\/v2\/categories?post=2333"},{"taxonomy":"post_tag","embeddable":true,"href":"https:\/\/blogdoedvaldomagalhaes.com.br\/index.php\/wp-json\/wp\/v2\/tags?post=2333"}],"curies":[{"name":"wp","href":"https:\/\/api.w.org\/{rel}","templated":true}]}}