{"id":2332,"date":"2018-05-23T22:20:00","date_gmt":"2018-05-24T01:20:00","guid":{"rendered":"http:\/\/blogdoedvaldomagalhaes.com.br\/index.php\/2018\/05\/23\/postos-de-combustiveis-de-caruaru-que\/"},"modified":"2019-02-09T02:15:43","modified_gmt":"2019-02-09T04:15:43","slug":"postos-de-combustiveis-de-caruaru-que","status":"publish","type":"post","link":"https:\/\/blogdoedvaldomagalhaes.com.br\/index.php\/2018\/05\/23\/postos-de-combustiveis-de-caruaru-que\/","title":{"rendered":"Postos de Combust\u00edveis de Caruaru que aumentaram os pre\u00e7os s\u00e3o notificados pelo Procon"},"content":{"rendered":"<div class=\"separator\" style=\"clear: both; text-align: center;\">\n<a href=\"https:\/\/3.bp.blogspot.com\/-HxgPhfPmVbE\/WwXo06s_vfI\/AAAAAAAAx_0\/KLzYatUz4VUmdy8Ii0Slrt-wC9Ket0ixACLcBGAs\/s1600\/IMG-20180523-WA0584.jpg\" imageanchor=\"1\" style=\"margin-left: 1em; margin-right: 1em;\"><img loading=\"lazy\" decoding=\"async\" border=\"0\" data-original-height=\"960\" data-original-width=\"1280\" height=\"480\" src=\"http:\/\/blogdoedvaldomagalhaes.com.br\/wp-content\/uploads\/2018\/05\/IMG-20180523-WA0584.jpg\" width=\"640\" \/><\/a><\/div>\n<p><\/p>\n<div style=\"text-align: justify;\">\nA fiscaliza\u00e7\u00e3o do Procon Caruaru est\u00e1 nas ruas, verificando os pre\u00e7os dos combust\u00edveis nos postos da cidade, de tr\u00eas visitados, dois foram notificados, porque aumentaram os pre\u00e7os. De acordo com o diretor do Procon, Nyverson Moura, a fiscaliza\u00e7\u00e3o vai continuar.<\/div>\n<div class=\"separator\" style=\"clear: both; text-align: center;\">\n<\/div>\n<div style=\"text-align: justify;\">\n<\/div>\n<div class=\"separator\" style=\"clear: both; text-align: center;\">\n<a href=\"https:\/\/4.bp.blogspot.com\/-SqwO6bRXtMg\/WwXqLOZjF1I\/AAAAAAAAx_8\/C03f9F11jLEwElwLJ3CehGX8GIirBweRQCLcBGAs\/s1600\/IMG-20180523-WA0590.jpg\" imageanchor=\"1\" style=\"margin-left: 1em; margin-right: 1em;\"><img loading=\"lazy\" decoding=\"async\" border=\"0\" data-original-height=\"960\" data-original-width=\"1280\" height=\"480\" src=\"http:\/\/blogdoedvaldomagalhaes.com.br\/wp-content\/uploads\/2018\/05\/IMG-20180523-WA0590.jpg\" width=\"640\" \/><\/a><\/div>\n<p><\/p>\n<div class=\"separator\" style=\"clear: both; text-align: center;\">\n<a href=\"https:\/\/2.bp.blogspot.com\/-w8HRBxgmrg8\/WwXqNUfKvyI\/AAAAAAAAyAA\/eAC8KnA37M0LC39ZLVKoOUnuKEZV1DpwgCLcBGAs\/s1600\/IMG-20180523-WA0588.jpg\" imageanchor=\"1\" style=\"margin-left: 1em; margin-right: 1em;\"><img loading=\"lazy\" decoding=\"async\" border=\"0\" data-original-height=\"960\" data-original-width=\"1280\" height=\"480\" src=\"http:\/\/blogdoedvaldomagalhaes.com.br\/wp-content\/uploads\/2018\/05\/IMG-20180523-WA0588.jpg\" width=\"640\" \/><\/a><\/div>\n<p><\/p>\n<div class=\"separator\" style=\"clear: both; text-align: center;\">\n<a href=\"https:\/\/3.bp.blogspot.com\/-3zCurqJud7U\/WwXqP_MrjYI\/AAAAAAAAyAI\/YKhgrYdjFCM1QGml1hvR9SPk7ZCxWWvYgCLcBGAs\/s1600\/IMG-20180523-WA0589.jpg\" imageanchor=\"1\" style=\"margin-left: 1em; margin-right: 1em;\"><img loading=\"lazy\" decoding=\"async\" border=\"0\" data-original-height=\"960\" data-original-width=\"1280\" height=\"480\" src=\"http:\/\/blogdoedvaldomagalhaes.com.br\/wp-content\/uploads\/2018\/05\/IMG-20180523-WA0589.jpg\" width=\"640\" \/><\/a><\/div>\n<p><\/p>\n<div class=\"separator\" style=\"clear: both; text-align: center;\">\n<a href=\"https:\/\/4.bp.blogspot.com\/-sUz9g84VRds\/WwXqRrsSE0I\/AAAAAAAAyAM\/-PpVB47xH7QmJmY-BqxjUK6R7kz0j_QewCLcBGAs\/s1600\/IMG-20180523-WA0587.jpg\" imageanchor=\"1\" style=\"margin-left: 1em; margin-right: 1em;\"><img loading=\"lazy\" decoding=\"async\" border=\"0\" data-original-height=\"960\" data-original-width=\"1280\" height=\"480\" src=\"http:\/\/blogdoedvaldomagalhaes.com.br\/wp-content\/uploads\/2018\/05\/IMG-20180523-WA0587.jpg\" width=\"640\" \/><\/a><\/div>\n<p><\/p>\n<div class=\"separator\" style=\"clear: both; text-align: center;\">\n<a href=\"https:\/\/3.bp.blogspot.com\/-Ydh_uMIYdPg\/WwXqTsSq4tI\/AAAAAAAAyAQ\/k2hQnv61MX8JLP6pan0bJb9jTQsSnZVEwCLcBGAs\/s1600\/IMG-20180523-WA0586.jpg\" imageanchor=\"1\" style=\"margin-left: 1em; margin-right: 1em;\"><img loading=\"lazy\" decoding=\"async\" border=\"0\" data-original-height=\"960\" data-original-width=\"1280\" height=\"480\" src=\"http:\/\/blogdoedvaldomagalhaes.com.br\/wp-content\/uploads\/2018\/05\/IMG-20180523-WA0586.jpg\" width=\"640\" \/><\/a><\/div>\n<p><\/p>\n<div class=\"separator\" style=\"clear: both; text-align: center;\">\n<a href=\"https:\/\/4.bp.blogspot.com\/-Fg-X8uKTiwU\/WwXqVoiqQ9I\/AAAAAAAAyAU\/iGe5ZDMj52oDXakFC8J0luBojsfm4fsKQCLcBGAs\/s1600\/IMG-20180523-WA0585.jpg\" imageanchor=\"1\" style=\"margin-left: 1em; margin-right: 1em;\"><img loading=\"lazy\" decoding=\"async\" border=\"0\" data-original-height=\"960\" data-original-width=\"1280\" height=\"480\" src=\"http:\/\/blogdoedvaldomagalhaes.com.br\/wp-content\/uploads\/2018\/05\/IMG-20180523-WA0585.jpg\" width=\"640\" \/><\/a><\/div>\n<p><\/p>\n","protected":false},"excerpt":{"rendered":"<p>A fiscaliza\u00e7\u00e3o do Procon Caruaru est\u00e1 nas ruas, verificando os pre\u00e7os dos combust\u00edveis nos postos da cidade, de tr\u00eas visitados,&hellip;<\/p>\n","protected":false},"author":1,"featured_media":0,"comment_status":"open","ping_status":"open","sticky":false,"template":"","format":"standard","meta":{"footnotes":""},"categories":[1],"tags":[2,6,2479,2480],"class_list":["post-2332","post","type-post","status-publish","format-standard","hentry","category-sem-categoria","tag-blog-do-edvaldo-magalhaes","tag-noticias","tag-nyverson-moura","tag-postos-de-combustiveis-de-caruaru-que-aumentaram-os-precos-sao-notificados-pelo-procon"],"_links":{"self":[{"href":"https:\/\/blogdoedvaldomagalhaes.com.br\/index.php\/wp-json\/wp\/v2\/posts\/2332","targetHints":{"allow":["GET"]}}],"collection":[{"href":"https:\/\/blogdoedvaldomagalhaes.com.br\/index.php\/wp-json\/wp\/v2\/posts"}],"about":[{"href":"https:\/\/blogdoedvaldomagalhaes.com.br\/index.php\/wp-json\/wp\/v2\/types\/post"}],"author":[{"embeddable":true,"href":"https:\/\/blogdoedvaldomagalhaes.com.br\/index.php\/wp-json\/wp\/v2\/users\/1"}],"replies":[{"embeddable":true,"href":"https:\/\/blogdoedvaldomagalhaes.com.br\/index.php\/wp-json\/wp\/v2\/comments?post=2332"}],"version-history":[{"count":1,"href":"https:\/\/blogdoedvaldomagalhaes.com.br\/index.php\/wp-json\/wp\/v2\/posts\/2332\/revisions"}],"predecessor-version":[{"id":31100,"href":"https:\/\/blogdoedvaldomagalhaes.com.br\/index.php\/wp-json\/wp\/v2\/posts\/2332\/revisions\/31100"}],"wp:attachment":[{"href":"https:\/\/blogdoedvaldomagalhaes.com.br\/index.php\/wp-json\/wp\/v2\/media?parent=2332"}],"wp:term":[{"taxonomy":"category","embeddable":true,"href":"https:\/\/blogdoedvaldomagalhaes.com.br\/index.php\/wp-json\/wp\/v2\/categories?post=2332"},{"taxonomy":"post_tag","embeddable":true,"href":"https:\/\/blogdoedvaldomagalhaes.com.br\/index.php\/wp-json\/wp\/v2\/tags?post=2332"}],"curies":[{"name":"wp","href":"https:\/\/api.w.org\/{rel}","templated":true}]}}