{"id":2330,"date":"2018-05-24T11:54:00","date_gmt":"2018-05-24T14:54:00","guid":{"rendered":"http:\/\/blogdoedvaldomagalhaes.com.br\/index.php\/2018\/05\/24\/raquel-lyra-entrega-vigesima-segunda\/"},"modified":"2019-02-09T02:15:55","modified_gmt":"2019-02-09T04:15:55","slug":"raquel-lyra-entrega-vigesima-segunda","status":"publish","type":"post","link":"https:\/\/blogdoedvaldomagalhaes.com.br\/index.php\/2018\/05\/24\/raquel-lyra-entrega-vigesima-segunda\/","title":{"rendered":"Raquel Lyra entrega vig\u00e9sima segunda unidade de ensino requalificada em Caruaru"},"content":{"rendered":"<div class=\"separator\" style=\"clear: both; text-align: center;\">\n<a href=\"https:\/\/3.bp.blogspot.com\/-uQYWpuTTryY\/Wwan6Jc9jzI\/AAAAAAAAyBE\/iKb_LS-vJJsedqTEnEYMwFxKA_LclGg0QCLcBGAs\/s1600\/4.jpg\" imageanchor=\"1\" style=\"margin-left: 1em; margin-right: 1em;\"><img loading=\"lazy\" decoding=\"async\" border=\"0\" data-original-height=\"1067\" data-original-width=\"1600\" height=\"426\" src=\"http:\/\/blogdoedvaldomagalhaes.com.br\/wp-content\/uploads\/2018\/05\/4-8.jpg\" width=\"640\" \/><\/a><\/div>\n<p><\/p>\n<div style=\"text-align: justify;\">\nReinaugurada no final da tarde desta \u00faltima quarta-feira (23), a Escola Municipal Cristina Tavares, no bairro Sol Poente, em Caruaru. A unidade de ensino, que tem capacidade para atender mais de 1.550 alunos, do Ensino Fundamental I e II at\u00e9 a Educa\u00e7\u00e3o de Jovens e Adultos (EJA), agora conta com uma estrutura completamente requalificada e pronta para ser usufru\u00edda pelos alunos.<\/div>\n<div style=\"text-align: justify;\">\n<\/div>\n<div style=\"text-align: justify;\">\n\u201cMeu pai, Jo\u00e3o Lyra Neto, que foi ex-prefeito, fundou este bairro e construiu essa escola que, antes, nunca havia passado por uma reforma. Al\u00e9m da requalifica\u00e7\u00e3o, tamb\u00e9m compramos equipamentos novos para garantir melhor aprendizado e fazer do col\u00e9gio um ambiente atraente com o objetivo de diminuir, consideravelmente, o \u00edndice de evas\u00e3o escolar\u201d, assegurou a prefeita Raquel Lyra.<\/div>\n<div style=\"text-align: justify;\">\n<\/div>\n<div class=\"separator\" style=\"clear: both; text-align: center;\">\n<a href=\"https:\/\/3.bp.blogspot.com\/-KoM8mJlvDdg\/WwaoSodOWJI\/AAAAAAAAyBM\/gc3y9RyAPMYNF2W2Hu_obBcRSZuhURjZwCLcBGAs\/s1600\/1.jpg\" imageanchor=\"1\" style=\"margin-left: 1em; margin-right: 1em;\"><img loading=\"lazy\" decoding=\"async\" border=\"0\" data-original-height=\"1067\" data-original-width=\"1600\" height=\"426\" src=\"http:\/\/blogdoedvaldomagalhaes.com.br\/wp-content\/uploads\/2018\/05\/1-20.jpg\" width=\"640\" \/><\/a><\/div>\n<div style=\"text-align: justify;\">\n<\/div>\n<div style=\"text-align: justify;\">\nPara o secret\u00e1rio de Educa\u00e7\u00e3o, Rubenildo Moura, o momento \u00e9 de celebrar as conquistas da Prefeitura de Caruaru. \u201cS\u00e3o muitas escolas que est\u00e3o passando pelo processo de requalifica\u00e7\u00e3o, n\u00e3o apenas na cidade, mas tamb\u00e9m na zona rural. Com esta, a prefeita Raquel j\u00e1 entregou 22 unidades e ainda tem muito mais. A prefeitura tem mudado a cara da educa\u00e7\u00e3o, tanto com as obras, como tamb\u00e9m com as capacita\u00e7\u00f5es para os professores que se sentem valorizados e levam mais informa\u00e7\u00f5es para salas de aula\u201d, ressaltou.<\/div>\n<div style=\"text-align: justify;\">\n<\/div>\n<div class=\"separator\" style=\"clear: both; text-align: center;\">\n<a href=\"https:\/\/2.bp.blogspot.com\/-UCOlYgM39ms\/WwaolPf0AmI\/AAAAAAAAyBU\/mjPW8g8BJZYUjY7vzgr8nsFG2G3dyJ3FACLcBGAs\/s1600\/2.jpg\" imageanchor=\"1\" style=\"margin-left: 1em; margin-right: 1em;\"><img loading=\"lazy\" decoding=\"async\" border=\"0\" data-original-height=\"1067\" data-original-width=\"1600\" height=\"426\" src=\"http:\/\/blogdoedvaldomagalhaes.com.br\/wp-content\/uploads\/2018\/05\/2-16.jpg\" width=\"640\" \/><\/a><\/div>\n<div style=\"text-align: justify;\">\n<\/div>\n<div style=\"text-align: justify;\">\nA Escola Municipal Deputada Cristina Tavares foi fundada em 1992, pelo ent\u00e3o prefeito Jo\u00e3o Lyra Neto, e nunca passou por uma reforma. Vinte e seis anos depois da constru\u00e7\u00e3o, a atual gest\u00e3o da Prefeitura de Caruaru investiu cerca de R$ 1,2 milh\u00e3o na requalifica\u00e7\u00e3o e deixou a unidade de ensino de cara nova e com uma estrutura moderna para os estudantes, professores e gestores.<\/div>\n<div style=\"text-align: justify;\">\n<\/div>\n<div class=\"separator\" style=\"clear: both; text-align: center;\">\n<a href=\"https:\/\/1.bp.blogspot.com\/-L1f_NWBdSdQ\/WwaoswE3G-I\/AAAAAAAAyBY\/XXsy4YBs1ZgpppX-wf642AdoQGZzPAphQCLcBGAs\/s1600\/3.jpg\" imageanchor=\"1\" style=\"margin-left: 1em; margin-right: 1em;\"><img loading=\"lazy\" decoding=\"async\" border=\"0\" data-original-height=\"1067\" data-original-width=\"1600\" height=\"426\" src=\"http:\/\/blogdoedvaldomagalhaes.com.br\/wp-content\/uploads\/2018\/05\/3-12.jpg\" width=\"640\" \/><\/a><\/div>\n<div style=\"text-align: justify;\">\n<\/div>\n<div style=\"text-align: justify;\">\nNesta sexta-feira (25), a prefeita Raquel Lyra ir\u00e1 reinaugurar a Escola Municipal Fortunato Ribeiro, no S\u00edtio Riacho, no terceiro distrito. A unidade de ensino est\u00e1 de cara nova e pronta para receber os alunos.<\/div>\n<div style=\"text-align: justify;\">\n<\/div>\n","protected":false},"excerpt":{"rendered":"<p>Reinaugurada no final da tarde desta \u00faltima quarta-feira (23), a Escola Municipal Cristina Tavares, no bairro Sol Poente, em Caruaru.&hellip;<\/p>\n","protected":false},"author":1,"featured_media":0,"comment_status":"open","ping_status":"open","sticky":false,"template":"","format":"standard","meta":{"footnotes":""},"categories":[1],"tags":[2,20,2476],"class_list":["post-2330","post","type-post","status-publish","format-standard","hentry","category-sem-categoria","tag-blog-do-edvaldo-magalhaes","tag-politica","tag-raquel-lyra-entrega-vigesima-segunda-unidade-de-ensino-requalificada-em-caruaru"],"_links":{"self":[{"href":"https:\/\/blogdoedvaldomagalhaes.com.br\/index.php\/wp-json\/wp\/v2\/posts\/2330","targetHints":{"allow":["GET"]}}],"collection":[{"href":"https:\/\/blogdoedvaldomagalhaes.com.br\/index.php\/wp-json\/wp\/v2\/posts"}],"about":[{"href":"https:\/\/blogdoedvaldomagalhaes.com.br\/index.php\/wp-json\/wp\/v2\/types\/post"}],"author":[{"embeddable":true,"href":"https:\/\/blogdoedvaldomagalhaes.com.br\/index.php\/wp-json\/wp\/v2\/users\/1"}],"replies":[{"embeddable":true,"href":"https:\/\/blogdoedvaldomagalhaes.com.br\/index.php\/wp-json\/wp\/v2\/comments?post=2330"}],"version-history":[{"count":1,"href":"https:\/\/blogdoedvaldomagalhaes.com.br\/index.php\/wp-json\/wp\/v2\/posts\/2330\/revisions"}],"predecessor-version":[{"id":31107,"href":"https:\/\/blogdoedvaldomagalhaes.com.br\/index.php\/wp-json\/wp\/v2\/posts\/2330\/revisions\/31107"}],"wp:attachment":[{"href":"https:\/\/blogdoedvaldomagalhaes.com.br\/index.php\/wp-json\/wp\/v2\/media?parent=2330"}],"wp:term":[{"taxonomy":"category","embeddable":true,"href":"https:\/\/blogdoedvaldomagalhaes.com.br\/index.php\/wp-json\/wp\/v2\/categories?post=2330"},{"taxonomy":"post_tag","embeddable":true,"href":"https:\/\/blogdoedvaldomagalhaes.com.br\/index.php\/wp-json\/wp\/v2\/tags?post=2330"}],"curies":[{"name":"wp","href":"https:\/\/api.w.org\/{rel}","templated":true}]}}