{"id":233,"date":"2019-01-13T11:29:00","date_gmt":"2019-01-13T13:29:00","guid":{"rendered":"http:\/\/blogdoedvaldomagalhaes.com.br\/index.php\/2019\/01\/13\/aulao-de-capoeira-na-avenida-agamenon\/"},"modified":"2019-02-09T02:49:12","modified_gmt":"2019-02-09T04:49:12","slug":"aulao-de-capoeira-na-avenida-agamenon","status":"publish","type":"post","link":"https:\/\/blogdoedvaldomagalhaes.com.br\/index.php\/2019\/01\/13\/aulao-de-capoeira-na-avenida-agamenon\/","title":{"rendered":"Aul\u00e3o de Capoeira na avenida Agamenon Magalh\u00e3es em Caruaru neste domingo (13)"},"content":{"rendered":"<div class=\"separator\" style=\"clear: both; text-align: center;\">\n<a href=\"https:\/\/3.bp.blogspot.com\/-ZcqlVSDUPvc\/XDsgkmk66PI\/AAAAAAABBAM\/SUhS5cF4_SovRpkfhfmvLv3GywjLsXJiwCLcBGAs\/s1600\/FB_IMG_1547378686909.jpg\" imageanchor=\"1\" style=\"margin-left: 1em; margin-right: 1em;\"><img loading=\"lazy\" decoding=\"async\" border=\"0\" data-original-height=\"1600\" data-original-width=\"1600\" height=\"640\" src=\"http:\/\/blogdoedvaldomagalhaes.com.br\/wp-content\/uploads\/2019\/01\/FB_IMG_1547378686909.jpg\" width=\"640\" \/><\/a><\/div>\n<div style=\"text-align: justify;\">\n<\/div>\n<div style=\"text-align: justify;\">\nO espa\u00e7o de lazer da avenida Agamenon Magalh\u00e3es, em Caruaru, tem sido op\u00e7\u00e3o de muitas fam\u00edlias nos finais de semana. Neste domingo (13), al\u00e9m das atividades aer\u00f3bicas oferecidas pela equipe da Ger\u00eancia de Esporte e Lazer da Secretaria de Desenvolvimento Social e Direitos Humanos (SDSDH), a programa\u00e7\u00e3o ir\u00e1 contar com um aul\u00e3o de capoeira promovida pelos professores Magr\u00e3o (ECAP) e Prego, das 15h \u00e0s 17h.&nbsp;No mesmo hor\u00e1rio vai ter jogos e brincadeiras populares para a crian\u00e7ada. Tudo de gra\u00e7a.&nbsp; &nbsp; &nbsp;<br \/>\nPara os adultos, que mesmo no final de semana aproveitam a oportunidade para manter a forma e o condicionamento f\u00edsico em dia, vai ter aul\u00e3o de gin\u00e1stica e ritmos das 08h30 \u00e0s 09h30 e treino funcional das 09h30 \u00e0s 10h30. O aquecimento e alongamento para essas duas atividades \u00e9 \u00e0s 08h, e o participante que estiver iniciando um rotina de exerc\u00edcios f\u00edsicos tamb\u00e9m poder\u00e1 aproveitar. Profissionais e estagi\u00e1rios de educa\u00e7\u00e3o f\u00edsica estar\u00e3o \u00e0 disposi\u00e7\u00e3o para orientar e tirar todas as d\u00favidas.&nbsp;As a\u00e7\u00f5es acontecem no espa\u00e7o da Avenida Oswaldo Cruz (paralela da Agamenon), onde das 15h \u00e0s 17h vai ter DJ Nicky.<\/p>\n<p>&nbsp;&nbsp;<\/p>\n<p>A ciclofaixa do Projeto Nossa Avenida funciona nos domingos e feriados das 07h \u00e0s 19h. A iniciativa \u00e9 da Prefeitura de Caruaru, atrav\u00e9s da Secretaria de Desenvolvimento Social e Direitos Humanos, por meio da Ger\u00eancia de Esporte e Lazer, junto com Funda\u00e7\u00e3o de Cultura e Turismo, Destra, Ordem P\u00fablica, Sa\u00fade e diversas secretarias integradas, al\u00e9m de parceiros.&nbsp;&nbsp;<\/p><\/div>\n","protected":false},"excerpt":{"rendered":"<p>O espa\u00e7o de lazer da avenida Agamenon Magalh\u00e3es, em Caruaru, tem sido op\u00e7\u00e3o de muitas fam\u00edlias nos finais de semana.&hellip;<\/p>\n","protected":false},"author":1,"featured_media":0,"comment_status":"open","ping_status":"open","sticky":false,"template":"","format":"standard","meta":{"footnotes":""},"categories":[1],"tags":[2,6],"class_list":["post-233","post","type-post","status-publish","format-standard","hentry","category-sem-categoria","tag-blog-do-edvaldo-magalhaes","tag-noticias"],"_links":{"self":[{"href":"https:\/\/blogdoedvaldomagalhaes.com.br\/index.php\/wp-json\/wp\/v2\/posts\/233","targetHints":{"allow":["GET"]}}],"collection":[{"href":"https:\/\/blogdoedvaldomagalhaes.com.br\/index.php\/wp-json\/wp\/v2\/posts"}],"about":[{"href":"https:\/\/blogdoedvaldomagalhaes.com.br\/index.php\/wp-json\/wp\/v2\/types\/post"}],"author":[{"embeddable":true,"href":"https:\/\/blogdoedvaldomagalhaes.com.br\/index.php\/wp-json\/wp\/v2\/users\/1"}],"replies":[{"embeddable":true,"href":"https:\/\/blogdoedvaldomagalhaes.com.br\/index.php\/wp-json\/wp\/v2\/comments?post=233"}],"version-history":[{"count":1,"href":"https:\/\/blogdoedvaldomagalhaes.com.br\/index.php\/wp-json\/wp\/v2\/posts\/233\/revisions"}],"predecessor-version":[{"id":37424,"href":"https:\/\/blogdoedvaldomagalhaes.com.br\/index.php\/wp-json\/wp\/v2\/posts\/233\/revisions\/37424"}],"wp:attachment":[{"href":"https:\/\/blogdoedvaldomagalhaes.com.br\/index.php\/wp-json\/wp\/v2\/media?parent=233"}],"wp:term":[{"taxonomy":"category","embeddable":true,"href":"https:\/\/blogdoedvaldomagalhaes.com.br\/index.php\/wp-json\/wp\/v2\/categories?post=233"},{"taxonomy":"post_tag","embeddable":true,"href":"https:\/\/blogdoedvaldomagalhaes.com.br\/index.php\/wp-json\/wp\/v2\/tags?post=233"}],"curies":[{"name":"wp","href":"https:\/\/api.w.org\/{rel}","templated":true}]}}