{"id":2329,"date":"2018-05-24T12:00:00","date_gmt":"2018-05-24T15:00:00","guid":{"rendered":"http:\/\/blogdoedvaldomagalhaes.com.br\/index.php\/2018\/05\/24\/laudo-do-iml-idosa-encontrada-morta-e\/"},"modified":"2019-02-09T02:15:55","modified_gmt":"2019-02-09T04:15:55","slug":"laudo-do-iml-idosa-encontrada-morta-e","status":"publish","type":"post","link":"https:\/\/blogdoedvaldomagalhaes.com.br\/index.php\/2018\/05\/24\/laudo-do-iml-idosa-encontrada-morta-e\/","title":{"rendered":"Laudo do IML: Idosa encontrada morta em Caruaru na semana passada foi assassinada"},"content":{"rendered":"<div class=\"separator\" style=\"clear: both; text-align: center;\">\n<a href=\"https:\/\/4.bp.blogspot.com\/-xI_ISnt43Q8\/Wwapb6vRhII\/AAAAAAAAyBo\/hggZ1Yfzmt44ZnDKhstvccBvZ4890JmPQCLcBGAs\/s1600\/ela.jpeg\" imageanchor=\"1\" style=\"margin-left: 1em; margin-right: 1em;\"><img loading=\"lazy\" decoding=\"async\" border=\"0\" data-original-height=\"300\" data-original-width=\"191\" height=\"640\" src=\"http:\/\/blogdoedvaldomagalhaes.com.br\/wp-content\/uploads\/2018\/05\/ela-1.jpeg\" width=\"407\" \/><\/a><\/div>\n<div style=\"background-color: white; box-sizing: border-box; line-height: 24px; margin-bottom: 10px; text-align: justify;\">\n<\/div>\n<div style=\"background-color: white; box-sizing: border-box; line-height: 24px; margin-bottom: 10px; text-align: justify;\">\nO Instituto de Medicina Legal (IML) de Caruaru entregou \u00e0 Pol\u00edcia Civil, nesta quarta-feira (23), o laudo da per\u00edcia realizada no corpo de Ivanete Pinto de Negreiros, 84 anos, confirmando homic\u00eddio. A idosa foi encontrada morta dentro de casa, no \u00faltimo dia 16, na Rua Luiz de Carvalho, Centro de Caruaru.<\/div>\n<div style=\"background-color: white; box-sizing: border-box; line-height: 24px; margin-bottom: 10px; text-align: justify;\">\nO laudo constatou que a v\u00edtima foi atingida com golpes de objeto contundente que pode ter sido um martelo, uma barra de ferro ou um peda\u00e7o de pau. O caso passou a ser investigado pela 20\u00aa Delegacia de Homic\u00eddios.<\/div>\n<div style=\"background-color: white; box-sizing: border-box; line-height: 24px; margin-bottom: 10px; text-align: justify;\">\nCom a confirma\u00e7\u00e3o da morte da idosa, o n\u00famero de pessoas assassinadas em Caruaru sobe para 11 no m\u00eas de maio e para 80 no ano.<\/div>\n<div style=\"background-color: white; box-sizing: border-box; line-height: 24px; margin-bottom: 10px; text-align: justify;\">\n<\/div>\n<div style=\"background-color: white; box-sizing: border-box; line-height: 24px; margin-bottom: 10px; text-align: justify;\">\nInforma\u00e7\u00f5es do Blog do Adielson Galv\u00e3o<\/div>\n","protected":false},"excerpt":{"rendered":"<p>O Instituto de Medicina Legal (IML) de Caruaru entregou \u00e0 Pol\u00edcia Civil, nesta quarta-feira (23), o laudo da per\u00edcia realizada&hellip;<\/p>\n","protected":false},"author":1,"featured_media":0,"comment_status":"open","ping_status":"open","sticky":false,"template":"","format":"standard","meta":{"footnotes":""},"categories":[1],"tags":[2,2475,13],"class_list":["post-2329","post","type-post","status-publish","format-standard","hentry","category-sem-categoria","tag-blog-do-edvaldo-magalhaes","tag-laudo-do-iml-idosa-encontrada-morta-em-caruaru-na-semana-passada-foi-assassinada","tag-policial"],"_links":{"self":[{"href":"https:\/\/blogdoedvaldomagalhaes.com.br\/index.php\/wp-json\/wp\/v2\/posts\/2329","targetHints":{"allow":["GET"]}}],"collection":[{"href":"https:\/\/blogdoedvaldomagalhaes.com.br\/index.php\/wp-json\/wp\/v2\/posts"}],"about":[{"href":"https:\/\/blogdoedvaldomagalhaes.com.br\/index.php\/wp-json\/wp\/v2\/types\/post"}],"author":[{"embeddable":true,"href":"https:\/\/blogdoedvaldomagalhaes.com.br\/index.php\/wp-json\/wp\/v2\/users\/1"}],"replies":[{"embeddable":true,"href":"https:\/\/blogdoedvaldomagalhaes.com.br\/index.php\/wp-json\/wp\/v2\/comments?post=2329"}],"version-history":[{"count":1,"href":"https:\/\/blogdoedvaldomagalhaes.com.br\/index.php\/wp-json\/wp\/v2\/posts\/2329\/revisions"}],"predecessor-version":[{"id":31109,"href":"https:\/\/blogdoedvaldomagalhaes.com.br\/index.php\/wp-json\/wp\/v2\/posts\/2329\/revisions\/31109"}],"wp:attachment":[{"href":"https:\/\/blogdoedvaldomagalhaes.com.br\/index.php\/wp-json\/wp\/v2\/media?parent=2329"}],"wp:term":[{"taxonomy":"category","embeddable":true,"href":"https:\/\/blogdoedvaldomagalhaes.com.br\/index.php\/wp-json\/wp\/v2\/categories?post=2329"},{"taxonomy":"post_tag","embeddable":true,"href":"https:\/\/blogdoedvaldomagalhaes.com.br\/index.php\/wp-json\/wp\/v2\/tags?post=2329"}],"curies":[{"name":"wp","href":"https:\/\/api.w.org\/{rel}","templated":true}]}}