{"id":2328,"date":"2018-05-24T12:03:00","date_gmt":"2018-05-24T15:03:00","guid":{"rendered":"http:\/\/blogdoedvaldomagalhaes.com.br\/index.php\/2018\/05\/24\/policia-apreende-em-caruaru-14-maquinas\/"},"modified":"2019-02-09T02:15:55","modified_gmt":"2019-02-09T04:15:55","slug":"policia-apreende-em-caruaru-14-maquinas","status":"publish","type":"post","link":"https:\/\/blogdoedvaldomagalhaes.com.br\/index.php\/2018\/05\/24\/policia-apreende-em-caruaru-14-maquinas\/","title":{"rendered":"Pol\u00edcia apreende em Caruaru 14 m\u00e1quinas ca\u00e7a-n\u00edqueis"},"content":{"rendered":"<div class=\"separator\" style=\"clear: both; text-align: center;\">\n<a href=\"https:\/\/4.bp.blogspot.com\/-zBosPpgpcYg\/Wwap68TQiwI\/AAAAAAAAyBw\/Q1zqhN_7mzcEEkagE_k0BLiaYc8jIcXzwCLcBGAs\/s1600\/maquinas.jpg\" imageanchor=\"1\" style=\"margin-left: 1em; margin-right: 1em;\"><img loading=\"lazy\" decoding=\"async\" border=\"0\" data-original-height=\"169\" data-original-width=\"300\" height=\"358\" src=\"http:\/\/blogdoedvaldomagalhaes.com.br\/wp-content\/uploads\/2018\/05\/maquinas.jpg\" width=\"640\" \/><\/a><\/div>\n<div class=\"separator\" style=\"clear: both; text-align: center;\">\nFoto: Pol\u00edcia Civil<\/div>\n<div style=\"background-color: white; box-sizing: border-box; line-height: 24px; margin-bottom: 10px; text-align: justify;\">\n<\/div>\n<div style=\"background-color: white; box-sizing: border-box; line-height: 24px; margin-bottom: 10px; text-align: justify;\">\nPoliciais da 1\u00aa Delegacia apreenderam 14 m\u00e1quinas ca\u00e7a-n\u00edqueis na tarde desta quarta-feira (23), em Caruaru. Os equipamentos foram apreendidos em um primeiro andar na Avenida C\u00edcero Jos\u00e9 Dutra, no bairro Petr\u00f3polis.<\/div>\n<div style=\"background-color: white; box-sizing: border-box; line-height: 24px; margin-bottom: 10px; text-align: justify;\">\nUma pessoa foi detida, prestou depoimento e foi liberada. As m\u00e1quinas ser\u00e3o periciadas pelo Instituto de Criminal\u00edstica (IC).<\/div>\n<div style=\"background-color: white; box-sizing: border-box; line-height: 24px; margin-bottom: 10px; text-align: justify;\">\nInforma\u00e7\u00f5es da R\u00e1dio Liberdade.<\/div>\n","protected":false},"excerpt":{"rendered":"<p>Foto: Pol\u00edcia Civil Policiais da 1\u00aa Delegacia apreenderam 14 m\u00e1quinas ca\u00e7a-n\u00edqueis na tarde desta quarta-feira (23), em Caruaru. Os equipamentos&hellip;<\/p>\n","protected":false},"author":1,"featured_media":0,"comment_status":"open","ping_status":"open","sticky":false,"template":"","format":"standard","meta":{"footnotes":""},"categories":[1],"tags":[2473,1326,2,2474,13],"class_list":["post-2328","post","type-post","status-publish","format-standard","hentry","category-sem-categoria","tag-avenida-cicero-jose-dutra","tag-bairro-petropolis","tag-blog-do-edvaldo-magalhaes","tag-policia-apreende-em-caruaru-14-maquinas-caca-niqueis","tag-policial"],"_links":{"self":[{"href":"https:\/\/blogdoedvaldomagalhaes.com.br\/index.php\/wp-json\/wp\/v2\/posts\/2328","targetHints":{"allow":["GET"]}}],"collection":[{"href":"https:\/\/blogdoedvaldomagalhaes.com.br\/index.php\/wp-json\/wp\/v2\/posts"}],"about":[{"href":"https:\/\/blogdoedvaldomagalhaes.com.br\/index.php\/wp-json\/wp\/v2\/types\/post"}],"author":[{"embeddable":true,"href":"https:\/\/blogdoedvaldomagalhaes.com.br\/index.php\/wp-json\/wp\/v2\/users\/1"}],"replies":[{"embeddable":true,"href":"https:\/\/blogdoedvaldomagalhaes.com.br\/index.php\/wp-json\/wp\/v2\/comments?post=2328"}],"version-history":[{"count":1,"href":"https:\/\/blogdoedvaldomagalhaes.com.br\/index.php\/wp-json\/wp\/v2\/posts\/2328\/revisions"}],"predecessor-version":[{"id":31111,"href":"https:\/\/blogdoedvaldomagalhaes.com.br\/index.php\/wp-json\/wp\/v2\/posts\/2328\/revisions\/31111"}],"wp:attachment":[{"href":"https:\/\/blogdoedvaldomagalhaes.com.br\/index.php\/wp-json\/wp\/v2\/media?parent=2328"}],"wp:term":[{"taxonomy":"category","embeddable":true,"href":"https:\/\/blogdoedvaldomagalhaes.com.br\/index.php\/wp-json\/wp\/v2\/categories?post=2328"},{"taxonomy":"post_tag","embeddable":true,"href":"https:\/\/blogdoedvaldomagalhaes.com.br\/index.php\/wp-json\/wp\/v2\/tags?post=2328"}],"curies":[{"name":"wp","href":"https:\/\/api.w.org\/{rel}","templated":true}]}}