{"id":2327,"date":"2018-05-24T12:14:00","date_gmt":"2018-05-24T15:14:00","guid":{"rendered":"http:\/\/blogdoedvaldomagalhaes.com.br\/index.php\/2018\/05\/24\/mppe-recomenda-que-promotores-de\/"},"modified":"2019-02-09T02:15:58","modified_gmt":"2019-02-09T04:15:58","slug":"mppe-recomenda-que-promotores-de","status":"publish","type":"post","link":"https:\/\/blogdoedvaldomagalhaes.com.br\/index.php\/2018\/05\/24\/mppe-recomenda-que-promotores-de\/","title":{"rendered":"MPPE recomenda que promotores de justi\u00e7a instaurem inqu\u00e9rito criminal para coibir aumento abusivo dos pre\u00e7os nos postos de gasolina de todo o Estado"},"content":{"rendered":"<div class=\"separator\" style=\"clear: both; text-align: center;\">\n<a href=\"https:\/\/2.bp.blogspot.com\/-D6ij5wk4n0M\/Wwasgi1Wg5I\/AAAAAAAAyB8\/Kn5ilaQiJxgH0K1rPp4Zzys-0rMCEVN5gCLcBGAs\/s1600\/foto.jpg\" imageanchor=\"1\" style=\"margin-left: 1em; margin-right: 1em;\"><img loading=\"lazy\" decoding=\"async\" border=\"0\" data-original-height=\"449\" data-original-width=\"599\" height=\"474\" src=\"http:\/\/blogdoedvaldomagalhaes.com.br\/wp-content\/uploads\/2018\/05\/foto-3.jpg\" width=\"640\" \/><\/a><\/div>\n<div style=\"text-align: justify;\">\n<\/div>\n<div style=\"text-align: justify;\">\nO Minist\u00e9rio P\u00fablico de Pernambuco (MPPE) publicou na noite desta ter\u00e7a-feira, 23 de maio, a Recomenda\u00e7\u00e3o n.\u00ba 002\/2018 a fim de que os promotores de Justi\u00e7a do Estado instaurem procedimento de investiga\u00e7\u00e3o criminal ou mesmo requisitem a instaura\u00e7\u00e3o de inqu\u00e9rito policial a fim de apurar aumentos arbitr\u00e1rios nos pre\u00e7os do combust\u00edvel comercializado nos postos de gasolina de todo o Estado. O aumento indiscriminado de pre\u00e7os, segundo a recomenda\u00e7\u00e3o emitida pelo procurador-geral de Justi\u00e7a, Francisco Dirceu Barros, representa pr\u00e1tica abusiva, sendo condenada pelo C\u00f3digo do Consumidor (Lei Federal n.\u00ba 8.078\/1990).<\/div>\n<div style=\"text-align: justify;\">\n<\/div>\n<div style=\"text-align: justify;\">\nA legisla\u00e7\u00e3o pro\u00edbe aos fornecedores exigir dos consumidores vantagem indevida ou mesmo realizem eleva\u00e7\u00e3o injustificada, conforme preconiza o inciso quinto, do artigo 39, que pro\u00edbe a conduta de: \u201cexigir do consumidor vantagem manifestamente excessiva\u201d. A pr\u00e1tica pode resultar em diversas san\u00e7\u00f5es, tais como: apreens\u00e3o do produto, inutiliza\u00e7\u00e3o do produto, suspens\u00e3o do fornecimento, suspens\u00e3o tempor\u00e1ria da atividade, revoga\u00e7\u00e3o de concess\u00e3o ou permiss\u00e3o de uso, cassa\u00e7\u00e3o de licen\u00e7a do estabelecimento ou da atividade, interdi\u00e7\u00e3o total ou parcial do estabelecimento ou at\u00e9 mesmo interven\u00e7\u00e3o administrativa.<\/div>\n<div style=\"text-align: justify;\">\n<\/div>\n<div style=\"text-align: justify;\">\n\u201cEsse aumento artificial que foi amplamente noticiado no dia de hoje \u00e9 considerado crime pass\u00edvel de deten\u00e7\u00e3o de dois a cinco anos, al\u00e9m de multa. N\u00e3o podemos deixar fa\u00e7am uso da greve dos caminhoneiros para que os pre\u00e7os sejam elevados de forma exorbitante\u201d, disse o procurador-geral de Justi\u00e7a, Francisco Dirceu Barros. Segundo a Lei Federal n.\u00ba 8.137\/1990, que define crimes contra a ordem tribut\u00e1ria, econ\u00f4mica e contra as rela\u00e7\u00f5es de consumo, a pr\u00e1tica \u00e9 pass\u00edvel de deten\u00e7\u00e3o de dois a cinco anos.<\/div>\n<div style=\"text-align: justify;\">\n<\/div>\n<div style=\"text-align: justify;\">\nO aumento abusivo \u00e9 ainda considerado crime contra a economia popular, sendo pass\u00edvel de deten\u00e7\u00e3o de dois a dez anos, al\u00e9m de resultar em multa. \u201c\u00c9 crime fazer com que se aumente o pre\u00e7o de um produto ou mesmo de mercadorias de forma falaciosa, por meio de not\u00edcias falsas ou qualquer outro artif\u00edcio\u201d, completou Barros.<\/div>\n","protected":false},"excerpt":{"rendered":"<p>O Minist\u00e9rio P\u00fablico de Pernambuco (MPPE) publicou na noite desta ter\u00e7a-feira, 23 de maio, a Recomenda\u00e7\u00e3o n.\u00ba 002\/2018 a fim&hellip;<\/p>\n","protected":false},"author":1,"featured_media":0,"comment_status":"open","ping_status":"open","sticky":false,"template":"","format":"standard","meta":{"footnotes":""},"categories":[1],"tags":[2,2472,6],"class_list":["post-2327","post","type-post","status-publish","format-standard","hentry","category-sem-categoria","tag-blog-do-edvaldo-magalhaes","tag-mppe-recomenda-que-promotores-de-justica-instaurem-inquerito-criminal-para-coibir-aumento-abusivo-dos-precos-nos-postos-de-gasolina-de-todo-o-estado","tag-noticias"],"_links":{"self":[{"href":"https:\/\/blogdoedvaldomagalhaes.com.br\/index.php\/wp-json\/wp\/v2\/posts\/2327","targetHints":{"allow":["GET"]}}],"collection":[{"href":"https:\/\/blogdoedvaldomagalhaes.com.br\/index.php\/wp-json\/wp\/v2\/posts"}],"about":[{"href":"https:\/\/blogdoedvaldomagalhaes.com.br\/index.php\/wp-json\/wp\/v2\/types\/post"}],"author":[{"embeddable":true,"href":"https:\/\/blogdoedvaldomagalhaes.com.br\/index.php\/wp-json\/wp\/v2\/users\/1"}],"replies":[{"embeddable":true,"href":"https:\/\/blogdoedvaldomagalhaes.com.br\/index.php\/wp-json\/wp\/v2\/comments?post=2327"}],"version-history":[{"count":1,"href":"https:\/\/blogdoedvaldomagalhaes.com.br\/index.php\/wp-json\/wp\/v2\/posts\/2327\/revisions"}],"predecessor-version":[{"id":31113,"href":"https:\/\/blogdoedvaldomagalhaes.com.br\/index.php\/wp-json\/wp\/v2\/posts\/2327\/revisions\/31113"}],"wp:attachment":[{"href":"https:\/\/blogdoedvaldomagalhaes.com.br\/index.php\/wp-json\/wp\/v2\/media?parent=2327"}],"wp:term":[{"taxonomy":"category","embeddable":true,"href":"https:\/\/blogdoedvaldomagalhaes.com.br\/index.php\/wp-json\/wp\/v2\/categories?post=2327"},{"taxonomy":"post_tag","embeddable":true,"href":"https:\/\/blogdoedvaldomagalhaes.com.br\/index.php\/wp-json\/wp\/v2\/tags?post=2327"}],"curies":[{"name":"wp","href":"https:\/\/api.w.org\/{rel}","templated":true}]}}