{"id":2326,"date":"2018-05-24T12:21:00","date_gmt":"2018-05-24T15:21:00","guid":{"rendered":"http:\/\/blogdoedvaldomagalhaes.com.br\/index.php\/2018\/05\/24\/rocam-recupera-veiculo-roubado-e\/"},"modified":"2019-02-09T02:15:58","modified_gmt":"2019-02-09T04:15:58","slug":"rocam-recupera-veiculo-roubado-e","status":"publish","type":"post","link":"https:\/\/blogdoedvaldomagalhaes.com.br\/index.php\/2018\/05\/24\/rocam-recupera-veiculo-roubado-e\/","title":{"rendered":"ROCAM recupera ve\u00edculo roubado em Caruaru"},"content":{"rendered":"<div class=\"separator\" style=\"clear: both; text-align: center;\">\n<a href=\"https:\/\/4.bp.blogspot.com\/-dAnkcyAD7Dw\/Wwatmxvs3TI\/AAAAAAAAyCE\/okDFfB_Uytw8N5ifThAMfaIp1xbNMDMywCLcBGAs\/s1600\/02.jpg\" imageanchor=\"1\" style=\"margin-left: 1em; margin-right: 1em;\"><img loading=\"lazy\" decoding=\"async\" border=\"0\" data-original-height=\"720\" data-original-width=\"960\" height=\"480\" src=\"http:\/\/blogdoedvaldomagalhaes.com.br\/wp-content\/uploads\/2018\/05\/02.jpg\" width=\"640\" \/><\/a><\/div>\n<div class=\"separator\" style=\"clear: both; text-align: center;\">\nFoto: PMPE\/Divulga\u00e7\u00e3o<\/div>\n<div style=\"background-color: white; margin-bottom: 6px; margin-top: 6px; text-align: justify;\">\n<\/div>\n<div style=\"background-color: white; margin-bottom: 6px; margin-top: 6px; text-align: justify;\">\nNa noite dessa quarta-feira (23), a equipe RC 4.210, recebeu informa\u00e7\u00f5es via celular do CB J. Alves, de que na Rua Gibraltar, no bairro Santa Rosa, estaria abandonado um ve\u00edculo com restri\u00e7\u00e3o de roubo no sistema da SDS, ao chegar no local foi constatado a veracidade da informa\u00e7\u00e3o foi localizado um ve\u00edculo de cor prata, marca Ford modelo Fiesta de placa KII- 7993. Foi solicitado ao PC 4 os dados do propriet\u00e1rio ou v\u00edtima, logo ap\u00f3s esta RC com o auxilio do SD Cardoso, entrou em contato com o propriet\u00e1rio do ve\u00edculo para que o mesmo fosse at\u00e9 o local com a chave reserva, ap\u00f3s a chegada da chave o ve\u00edculo foi conduzido at\u00e9 a delegacia de plant\u00e3o para ser entregue \u00e0 autoridade competente.<\/p>\n<\/div>\n<div class=\"separator\" style=\"clear: both; text-align: center;\">\n<a href=\"https:\/\/4.bp.blogspot.com\/-Cpls0760eZA\/WwatsnFu3NI\/AAAAAAAAyCI\/N4k9TanPhdYagYua9p9RStksVMd8ePHaQCLcBGAs\/s1600\/01.jpg\" imageanchor=\"1\" style=\"margin-left: 1em; margin-right: 1em;\"><img loading=\"lazy\" decoding=\"async\" border=\"0\" data-original-height=\"960\" data-original-width=\"720\" height=\"640\" src=\"http:\/\/blogdoedvaldomagalhaes.com.br\/wp-content\/uploads\/2018\/05\/01.jpg\" width=\"480\" \/><\/a><\/div>\n<div style=\"background-color: white; margin-bottom: 6px; margin-top: 6px; text-align: justify;\">\n<br \/>\nForam recuperado um&nbsp;veiculo Ford Fiesta de placas KII 7993.<\/p>\n<p>Efetivo :<br \/>\nSGT Valdemar<br \/>\nSD Simon<br \/>\nSD Muniz<\/div>\n","protected":false},"excerpt":{"rendered":"<p>Foto: PMPE\/Divulga\u00e7\u00e3o Na noite dessa quarta-feira (23), a equipe RC 4.210, recebeu informa\u00e7\u00f5es via celular do CB J. Alves, de&hellip;<\/p>\n","protected":false},"author":1,"featured_media":0,"comment_status":"open","ping_status":"open","sticky":false,"template":"","format":"standard","meta":{"footnotes":""},"categories":[1],"tags":[2,13,2471],"class_list":["post-2326","post","type-post","status-publish","format-standard","hentry","category-sem-categoria","tag-blog-do-edvaldo-magalhaes","tag-policial","tag-rocam-recupera-veiculo-roubado-em-caruaru"],"_links":{"self":[{"href":"https:\/\/blogdoedvaldomagalhaes.com.br\/index.php\/wp-json\/wp\/v2\/posts\/2326","targetHints":{"allow":["GET"]}}],"collection":[{"href":"https:\/\/blogdoedvaldomagalhaes.com.br\/index.php\/wp-json\/wp\/v2\/posts"}],"about":[{"href":"https:\/\/blogdoedvaldomagalhaes.com.br\/index.php\/wp-json\/wp\/v2\/types\/post"}],"author":[{"embeddable":true,"href":"https:\/\/blogdoedvaldomagalhaes.com.br\/index.php\/wp-json\/wp\/v2\/users\/1"}],"replies":[{"embeddable":true,"href":"https:\/\/blogdoedvaldomagalhaes.com.br\/index.php\/wp-json\/wp\/v2\/comments?post=2326"}],"version-history":[{"count":1,"href":"https:\/\/blogdoedvaldomagalhaes.com.br\/index.php\/wp-json\/wp\/v2\/posts\/2326\/revisions"}],"predecessor-version":[{"id":31116,"href":"https:\/\/blogdoedvaldomagalhaes.com.br\/index.php\/wp-json\/wp\/v2\/posts\/2326\/revisions\/31116"}],"wp:attachment":[{"href":"https:\/\/blogdoedvaldomagalhaes.com.br\/index.php\/wp-json\/wp\/v2\/media?parent=2326"}],"wp:term":[{"taxonomy":"category","embeddable":true,"href":"https:\/\/blogdoedvaldomagalhaes.com.br\/index.php\/wp-json\/wp\/v2\/categories?post=2326"},{"taxonomy":"post_tag","embeddable":true,"href":"https:\/\/blogdoedvaldomagalhaes.com.br\/index.php\/wp-json\/wp\/v2\/tags?post=2326"}],"curies":[{"name":"wp","href":"https:\/\/api.w.org\/{rel}","templated":true}]}}