{"id":2325,"date":"2018-05-24T12:25:00","date_gmt":"2018-05-24T15:25:00","guid":{"rendered":"http:\/\/blogdoedvaldomagalhaes.com.br\/index.php\/2018\/05\/24\/protesto-fecha-br-104-entre-agrestina-e\/"},"modified":"2019-02-09T02:15:59","modified_gmt":"2019-02-09T04:15:59","slug":"protesto-fecha-br-104-entre-agrestina-e","status":"publish","type":"post","link":"https:\/\/blogdoedvaldomagalhaes.com.br\/index.php\/2018\/05\/24\/protesto-fecha-br-104-entre-agrestina-e\/","title":{"rendered":"Protesto fecha BR-104 entre Agrestina e Caruaru nesta quinta-feira (24)"},"content":{"rendered":"<div class=\"separator\" style=\"clear: both; text-align: center;\">\n<a href=\"https:\/\/1.bp.blogspot.com\/-U8C01WkBF4U\/Wwau8-gthlI\/AAAAAAAAyCU\/qVEteR9ue4EPtpEKwd5K1fGTLIq7F7ZmQCLcBGAs\/s1600\/IMG-20180524-WA0114.jpg\" imageanchor=\"1\" style=\"margin-left: 1em; margin-right: 1em;\"><img loading=\"lazy\" decoding=\"async\" border=\"0\" data-original-height=\"1040\" data-original-width=\"780\" height=\"640\" src=\"http:\/\/blogdoedvaldomagalhaes.com.br\/wp-content\/uploads\/2018\/05\/IMG-20180524-WA0114.jpg\" width=\"480\" \/><\/a><\/div>\n<div class=\"separator\" style=\"clear: both; text-align: center;\">\nFotos: WhatsApp\/Cortesia<\/div>\n<div class=\"separator\" style=\"clear: both; text-align: center;\">\n<a href=\"https:\/\/3.bp.blogspot.com\/-A-MTSaCR9Fs\/Wwau_f0g7bI\/AAAAAAAAyCY\/agNzcwVK3swX3WzVOY_s1WUlMPoUM-FKwCLcBGAs\/s1600\/IMG-20180524-WA0115.jpg\" imageanchor=\"1\" style=\"margin-left: 1em; margin-right: 1em;\"><img loading=\"lazy\" decoding=\"async\" border=\"0\" data-original-height=\"1040\" data-original-width=\"780\" height=\"640\" src=\"http:\/\/blogdoedvaldomagalhaes.com.br\/wp-content\/uploads\/2018\/05\/IMG-20180524-WA0115.jpg\" width=\"480\" \/><\/a><\/div>\n<div class=\"separator\" style=\"clear: both; text-align: center;\">\n<\/div>\n<div style=\"background-color: white; text-align: justify;\">\nO 4\u00b0 dia de paralisa\u00e7\u00e3o nacional dos caminhoneiros come\u00e7ou com bloqueios em rodovias estaduais e federais por todo o pa\u00eds. Entre Agrestina e Caruaru, na BR-104, est\u00e1 acontecendo bloqueio. Em Gravat\u00e1, tamb\u00e9m no Agreste de Pernambuco, a BR-232 encontra-se bloqueada na altura do KM 60.&nbsp;<\/div>\n<div style=\"background-color: white; text-align: justify;\">\n<\/div>\n<div style=\"background-color: white; text-align: justify;\">\nO protesto \u00e9 feito por taxistas e motoristas do transporte alternativo, como forma de apoio a categoria dos caminhoneiros e tem o objetivo de reivindicar redu\u00e7\u00e3o no valor dos combust\u00edveis. Pneus em chamas s\u00e3o utilizados para obstruir a via e n\u00e3o h\u00e1 previs\u00e3o de t\u00e9rmino a manifesta\u00e7\u00e3o.<\/div>\n<div style=\"background-color: white; text-align: justify;\">\n<\/div>\n<div style=\"background-color: white; text-align: justify;\">\nO manifesto reivindicar\u00e1 por pre\u00e7os mais baixos nos combust\u00edveis, apesar da redu\u00e7\u00e3o de 10% no valor do diesel, anunciada na noite desta Quarta-feira (23), pela Petrobr\u00e1s.&nbsp;&nbsp;De acordo com organizadores do ato, apenas ambul\u00e2ncias, viaturas da pol\u00edcia e&nbsp; Corpo de Bombeiros ter\u00e3o passagem livre.&nbsp;<\/div>\n<div style=\"text-align: justify;\">\n<\/div>\n","protected":false},"excerpt":{"rendered":"<p>Fotos: WhatsApp\/Cortesia O 4\u00b0 dia de paralisa\u00e7\u00e3o nacional dos caminhoneiros come\u00e7ou com bloqueios em rodovias estaduais e federais por todo&hellip;<\/p>\n","protected":false},"author":1,"featured_media":0,"comment_status":"open","ping_status":"open","sticky":false,"template":"","format":"standard","meta":{"footnotes":""},"categories":[1],"tags":[2,6,2470],"class_list":["post-2325","post","type-post","status-publish","format-standard","hentry","category-sem-categoria","tag-blog-do-edvaldo-magalhaes","tag-noticias","tag-protesto-fecha-br-104-entre-agrestina-e-caruaru-nesta-quinta-feira-24"],"_links":{"self":[{"href":"https:\/\/blogdoedvaldomagalhaes.com.br\/index.php\/wp-json\/wp\/v2\/posts\/2325","targetHints":{"allow":["GET"]}}],"collection":[{"href":"https:\/\/blogdoedvaldomagalhaes.com.br\/index.php\/wp-json\/wp\/v2\/posts"}],"about":[{"href":"https:\/\/blogdoedvaldomagalhaes.com.br\/index.php\/wp-json\/wp\/v2\/types\/post"}],"author":[{"embeddable":true,"href":"https:\/\/blogdoedvaldomagalhaes.com.br\/index.php\/wp-json\/wp\/v2\/users\/1"}],"replies":[{"embeddable":true,"href":"https:\/\/blogdoedvaldomagalhaes.com.br\/index.php\/wp-json\/wp\/v2\/comments?post=2325"}],"version-history":[{"count":1,"href":"https:\/\/blogdoedvaldomagalhaes.com.br\/index.php\/wp-json\/wp\/v2\/posts\/2325\/revisions"}],"predecessor-version":[{"id":31119,"href":"https:\/\/blogdoedvaldomagalhaes.com.br\/index.php\/wp-json\/wp\/v2\/posts\/2325\/revisions\/31119"}],"wp:attachment":[{"href":"https:\/\/blogdoedvaldomagalhaes.com.br\/index.php\/wp-json\/wp\/v2\/media?parent=2325"}],"wp:term":[{"taxonomy":"category","embeddable":true,"href":"https:\/\/blogdoedvaldomagalhaes.com.br\/index.php\/wp-json\/wp\/v2\/categories?post=2325"},{"taxonomy":"post_tag","embeddable":true,"href":"https:\/\/blogdoedvaldomagalhaes.com.br\/index.php\/wp-json\/wp\/v2\/tags?post=2325"}],"curies":[{"name":"wp","href":"https:\/\/api.w.org\/{rel}","templated":true}]}}