{"id":2322,"date":"2018-05-24T19:01:00","date_gmt":"2018-05-24T22:01:00","guid":{"rendered":"http:\/\/blogdoedvaldomagalhaes.com.br\/index.php\/2018\/05\/24\/caruaru-sem-combustiveis-onibus-vao\/"},"modified":"2019-02-09T02:16:00","modified_gmt":"2019-02-09T04:16:00","slug":"caruaru-sem-combustiveis-onibus-vao","status":"publish","type":"post","link":"https:\/\/blogdoedvaldomagalhaes.com.br\/index.php\/2018\/05\/24\/caruaru-sem-combustiveis-onibus-vao\/","title":{"rendered":"Caruaru sem combust\u00edveis: \u00f4nibus v\u00e3o parar, OAB quer remarca\u00e7\u00e3o de audi\u00eancias, aulas e jogo suspensos"},"content":{"rendered":"<div class=\"separator\" style=\"clear: both; text-align: center;\">\n<a href=\"https:\/\/2.bp.blogspot.com\/-RTZiKSTYDzE\/WwcIEg0nO6I\/AAAAAAAAyDM\/HSw1ooPvDK0H3eYTo4NdVyrdy3HzB7agQCEwYBhgL\/s1600\/protesto.jpg\" imageanchor=\"1\" style=\"margin-left: 1em; margin-right: 1em;\"><img loading=\"lazy\" decoding=\"async\" border=\"0\" data-original-height=\"465\" data-original-width=\"620\" height=\"480\" src=\"http:\/\/blogdoedvaldomagalhaes.com.br\/wp-content\/uploads\/2018\/05\/protesto-1.jpg\" width=\"640\" \/><\/a><\/div>\n<div class=\"separator\" style=\"clear: both; text-align: center;\">\nFoto: WhatsApp\/Cortesia<\/div>\n<div class=\"separator\" style=\"clear: both; text-align: center;\">\n<\/div>\n<div style=\"background-color: white; border: 0px; margin-bottom: 1.5em; outline: 0px; padding: 0px; text-align: justify; vertical-align: baseline;\">\nA <b>Associa\u00e7\u00e3o das Empresas de Transporte de Passageiros de Caruaru (AETPC)<\/b>, avisa que quando acabar o estoque de combust\u00edveis, o transporte coletivo na cidade p\u00e1ra. Os \u00f4nibus est\u00e3o circulando com frota reduzida em 30%.<\/p>\n<p>A <b>OAB Caruaru<\/b> fez uma solicita\u00e7\u00e3o a ju\u00edzes do Agreste para que as audi\u00eancias sejam remarcadas, j\u00e1 que muitas pessoas n\u00e3o conseguem viajar e chegar aos f\u00f3runs.&nbsp;\u201cEstamos oficiando todos os diretores dos f\u00f3runs da regi\u00e3o, solicitando a remarca\u00e7\u00e3o de todas as audi\u00eancias designadas para hoje e amanh\u00e3, caso as partes e seus advogados n\u00e3o consigam comparecer devido aos protestos e a falta de combust\u00edvel. Estamos intervindo junto ao TJPE, a suspens\u00e3o dos prazos e atos processuais\u201d, disse o presidente da Ordem, Felipe Sampaio.<\/p>\n<p>A <b>Reitoria da Asces-Unita, Favip\/Dedry, Uninassau e a Secretaria Municipal de Educa\u00e7\u00e3o,&nbsp;<\/b>informam a suspens\u00e3o das aulas. A determina\u00e7\u00e3o \u00e9 motivada pelos impactos ocasionados pela continuidade da greve instalada em todo o pa\u00eds que est\u00e1 impedindo o abastecimento de combust\u00edveis.<\/p>\n<p>A <b>Federa\u00e7\u00e3o Pernambucana de Futsal (FPFS)<\/b> o cancelou o jogo entre as equipes da Asec e Jo\u00e3o Alfredo, pela semifinal da Copa Pernambuco de Futsal, diante do quadro atual da greve dos caminhoneiros n\u00e3o existe a possibilidade de acontecer a partida. A entidade n\u00e3o informou a nova data para a realiza\u00e7\u00e3o da partida entre os times.<\/p>\n<p>A <b>Prefeitura de Caruaru<\/b> ir\u00e1 estacionar a frota de ve\u00edculos na tarde desta quinta-feira (24), devido a falta de combust\u00edveis, ocasionada pela greve dos caminhoneiros. Alguns profissionais n\u00e3o est\u00e3o conseguindo chegar ao local de trabalho.&nbsp;Na Secretaria de Sa\u00fade, alguns PSF\u2019s est\u00e3o funcionando com a equipe reduzida, o mesmo acontece em outros departamentos do munic\u00edpio.&nbsp;Os transportes de pacientes fora de domic\u00edlio (no caso de hemodi\u00e1lise, quimioterapia e radioterapia),&nbsp; bem como ambul\u00e2ncias do munic\u00edpio e SAMU ficar\u00e1 atendendo normalmente.&nbsp;<\/p>\n<p>A <b>Secretaria de Servi\u00e7os P\u00fablicos<\/b> informa que o servi\u00e7o de coleta domiciliar de lixo poder\u00e1 sofrer atraso, devido aos problemas de tr\u00e2nsito que os ve\u00edculos est\u00e3o enfrentado, por conta dos protestos que est\u00e3o interditando as vias. A frota n\u00e3o sofreu altera\u00e7\u00e3o e continua circulando normalmente. Os demais servi\u00e7os, como capina\u00e7\u00e3o, limpeza, entre outros oferecidos pela Sesp, tamb\u00e9m poder\u00e3o sofrer altera\u00e7\u00f5es pelo mesmo motivo: interdi\u00e7\u00e3o do deslocamento dos ve\u00edculos.<\/p>\n<p>Estamos atualizando as informa\u00e7\u00f5es, continuem acessando o Blog.<\/p><\/div>\n","protected":false},"excerpt":{"rendered":"<p>Foto: WhatsApp\/Cortesia A Associa\u00e7\u00e3o das Empresas de Transporte de Passageiros de Caruaru (AETPC), avisa que quando acabar o estoque de&hellip;<\/p>\n","protected":false},"author":1,"featured_media":0,"comment_status":"open","ping_status":"open","sticky":false,"template":"","format":"standard","meta":{"footnotes":""},"categories":[1],"tags":[2465,2,2466,6,2467],"class_list":["post-2322","post","type-post","status-publish","format-standard","hentry","category-sem-categoria","tag-aulas-e-jogo-suspensos","tag-blog-do-edvaldo-magalhaes","tag-caruaru-sem-combustiveis-onibus-vao-parar","tag-noticias","tag-oab-quer-remarcacao-de-audiencias"],"_links":{"self":[{"href":"https:\/\/blogdoedvaldomagalhaes.com.br\/index.php\/wp-json\/wp\/v2\/posts\/2322","targetHints":{"allow":["GET"]}}],"collection":[{"href":"https:\/\/blogdoedvaldomagalhaes.com.br\/index.php\/wp-json\/wp\/v2\/posts"}],"about":[{"href":"https:\/\/blogdoedvaldomagalhaes.com.br\/index.php\/wp-json\/wp\/v2\/types\/post"}],"author":[{"embeddable":true,"href":"https:\/\/blogdoedvaldomagalhaes.com.br\/index.php\/wp-json\/wp\/v2\/users\/1"}],"replies":[{"embeddable":true,"href":"https:\/\/blogdoedvaldomagalhaes.com.br\/index.php\/wp-json\/wp\/v2\/comments?post=2322"}],"version-history":[{"count":1,"href":"https:\/\/blogdoedvaldomagalhaes.com.br\/index.php\/wp-json\/wp\/v2\/posts\/2322\/revisions"}],"predecessor-version":[{"id":31125,"href":"https:\/\/blogdoedvaldomagalhaes.com.br\/index.php\/wp-json\/wp\/v2\/posts\/2322\/revisions\/31125"}],"wp:attachment":[{"href":"https:\/\/blogdoedvaldomagalhaes.com.br\/index.php\/wp-json\/wp\/v2\/media?parent=2322"}],"wp:term":[{"taxonomy":"category","embeddable":true,"href":"https:\/\/blogdoedvaldomagalhaes.com.br\/index.php\/wp-json\/wp\/v2\/categories?post=2322"},{"taxonomy":"post_tag","embeddable":true,"href":"https:\/\/blogdoedvaldomagalhaes.com.br\/index.php\/wp-json\/wp\/v2\/tags?post=2322"}],"curies":[{"name":"wp","href":"https:\/\/api.w.org\/{rel}","templated":true}]}}