{"id":232,"date":"2019-01-13T12:08:00","date_gmt":"2019-01-13T14:08:00","guid":{"rendered":"http:\/\/blogdoedvaldomagalhaes.com.br\/index.php\/2019\/01\/13\/homem-e-assassinado-e-mulher-baleada-na\/"},"modified":"2019-02-09T02:49:12","modified_gmt":"2019-02-09T04:49:12","slug":"homem-e-assassinado-e-mulher-baleada-na","status":"publish","type":"post","link":"https:\/\/blogdoedvaldomagalhaes.com.br\/index.php\/2019\/01\/13\/homem-e-assassinado-e-mulher-baleada-na\/","title":{"rendered":"Homem \u00e9 assassinado e mulher baleada na BR-104 em Caruaru"},"content":{"rendered":"<div class=\"separator\" style=\"clear: both; text-align: center;\">\n<a href=\"https:\/\/1.bp.blogspot.com\/-MoSuyYzvacg\/XDsmwuo3xgI\/AAAAAAABBAc\/H4_W_YhIc40cnwxdVRNo_tDh2Bzk9JqqQCLcBGAs\/s1600\/agora.jpg\" imageanchor=\"1\" style=\"margin-left: 1em; margin-right: 1em;\"><img loading=\"lazy\" decoding=\"async\" border=\"0\" data-original-height=\"632\" data-original-width=\"960\" height=\"420\" src=\"http:\/\/blogdoedvaldomagalhaes.com.br\/wp-content\/uploads\/2019\/01\/agora.jpg\" width=\"640\" \/><\/a><\/div>\n<p><\/p>\n<div style=\"text-align: justify;\">\nO fato aconteceu por volta de 01h40 da manh\u00e3 deste domingo(13), na BR 104 pr\u00f3ximo ao Lampi\u00e3o, no s\u00edtio Cachoeira Seca, zona rural de Caruaru. Morreu no local Luciel Alves Bezerra, 34 anos de idade, o mesmo estava em um autom\u00f3vel Celta da cor vermelha, de placas KFC-2788. Uma mulher identificada apenas por Cibele, de idade n\u00e3o informada, foi atingida pelos tiros.<\/div>\n<div style=\"text-align: justify;\">\n<\/div>\n<div style=\"text-align: justify;\">\nSegundo informa\u00e7\u00f5es, o casal seguia viagem sentido Toritama\/Caruaru, um carro ainda n\u00e3o identificado se aproximou e ocupantes come\u00e7aram a atirar. Luciel ainda desceu do Celta e ao tentar fugir caiu numa vala, e morreu no local, enquanto que Cibele foi alvejada por cerca de tr\u00eas disparos de arma de fogo, sendo socorrida para o Hospital Regional do Agreste (HRA), em estado grave.<\/p>\n<\/div>\n<div style=\"text-align: justify;\">\n<div class=\"separator\" style=\"clear: both; text-align: center;\">\n<a href=\"https:\/\/3.bp.blogspot.com\/-MgJH_LNI4Aw\/XDs4vkb9eMI\/AAAAAAABBA0\/YGTqtdpBvdsYbxR0eNviSvsJwjuM6QF7QCLcBGAs\/s1600\/IMG-20190113-WA0037.jpg\" imageanchor=\"1\" style=\"margin-left: 1em; margin-right: 1em;\"><img loading=\"lazy\" decoding=\"async\" border=\"0\" data-original-height=\"253\" data-original-width=\"199\" height=\"640\" src=\"http:\/\/blogdoedvaldomagalhaes.com.br\/wp-content\/uploads\/2019\/01\/IMG-20190113-WA0037.jpg\" width=\"503\" \/><\/a><\/div>\n<\/div>\n<div style=\"text-align: justify;\">\n<\/div>\n<div style=\"text-align: justify;\">\n<div class=\"separator\" style=\"clear: both; text-align: center;\">\n<a href=\"https:\/\/3.bp.blogspot.com\/-UgcmVSKhtZI\/XDs6GUca7gI\/AAAAAAABBBA\/q6VJq_NNx3AN8tFsPFYxEurW9AGiMNQTQCLcBGAs\/s1600\/20190113_101227.jpg\" imageanchor=\"1\" style=\"margin-left: 1em; margin-right: 1em;\"><img loading=\"lazy\" decoding=\"async\" border=\"0\" data-original-height=\"706\" data-original-width=\"408\" height=\"640\" src=\"http:\/\/blogdoedvaldomagalhaes.com.br\/wp-content\/uploads\/2019\/01\/20190113_101227.jpg\" width=\"368\" \/><\/a><\/div>\n<p><\/div>\n<div style=\"text-align: justify;\">\nEsse foi o 7\u00ba homic\u00eddio no ano de 2019, em Caruaru.<\/div>\n<div style=\"text-align: justify;\">\n<\/div>\n<div style=\"text-align: justify;\">\nInforma\u00e7\u00f5es: Cl\u00e1udio Silva\/Caruaru Hoje.<\/div>\n<div style=\"text-align: justify;\">\n<\/div>\n","protected":false},"excerpt":{"rendered":"<p>O fato aconteceu por volta de 01h40 da manh\u00e3 deste domingo(13), na BR 104 pr\u00f3ximo ao Lampi\u00e3o, no s\u00edtio Cachoeira&hellip;<\/p>\n","protected":false},"author":1,"featured_media":0,"comment_status":"open","ping_status":"open","sticky":false,"template":"","format":"standard","meta":{"footnotes":""},"categories":[1],"tags":[2,244,13],"class_list":["post-232","post","type-post","status-publish","format-standard","hentry","category-sem-categoria","tag-blog-do-edvaldo-magalhaes","tag-homem-e-assassinado-e-mulher-baleada-na-br-104-em-caruaru","tag-policial"],"_links":{"self":[{"href":"https:\/\/blogdoedvaldomagalhaes.com.br\/index.php\/wp-json\/wp\/v2\/posts\/232","targetHints":{"allow":["GET"]}}],"collection":[{"href":"https:\/\/blogdoedvaldomagalhaes.com.br\/index.php\/wp-json\/wp\/v2\/posts"}],"about":[{"href":"https:\/\/blogdoedvaldomagalhaes.com.br\/index.php\/wp-json\/wp\/v2\/types\/post"}],"author":[{"embeddable":true,"href":"https:\/\/blogdoedvaldomagalhaes.com.br\/index.php\/wp-json\/wp\/v2\/users\/1"}],"replies":[{"embeddable":true,"href":"https:\/\/blogdoedvaldomagalhaes.com.br\/index.php\/wp-json\/wp\/v2\/comments?post=232"}],"version-history":[{"count":1,"href":"https:\/\/blogdoedvaldomagalhaes.com.br\/index.php\/wp-json\/wp\/v2\/posts\/232\/revisions"}],"predecessor-version":[{"id":37428,"href":"https:\/\/blogdoedvaldomagalhaes.com.br\/index.php\/wp-json\/wp\/v2\/posts\/232\/revisions\/37428"}],"wp:attachment":[{"href":"https:\/\/blogdoedvaldomagalhaes.com.br\/index.php\/wp-json\/wp\/v2\/media?parent=232"}],"wp:term":[{"taxonomy":"category","embeddable":true,"href":"https:\/\/blogdoedvaldomagalhaes.com.br\/index.php\/wp-json\/wp\/v2\/categories?post=232"},{"taxonomy":"post_tag","embeddable":true,"href":"https:\/\/blogdoedvaldomagalhaes.com.br\/index.php\/wp-json\/wp\/v2\/tags?post=232"}],"curies":[{"name":"wp","href":"https:\/\/api.w.org\/{rel}","templated":true}]}}