{"id":2316,"date":"2018-05-25T12:19:00","date_gmt":"2018-05-25T15:19:00","guid":{"rendered":"http:\/\/blogdoedvaldomagalhaes.com.br\/index.php\/2018\/05\/25\/caminhoneiros-rejeitam-proposta-do\/"},"modified":"2019-02-09T02:16:06","modified_gmt":"2019-02-09T04:16:06","slug":"caminhoneiros-rejeitam-proposta-do","status":"publish","type":"post","link":"https:\/\/blogdoedvaldomagalhaes.com.br\/index.php\/2018\/05\/25\/caminhoneiros-rejeitam-proposta-do\/","title":{"rendered":"Caminhoneiros rejeitam proposta do governo e continuam protestando nas rodovias"},"content":{"rendered":"<div class=\"separator\" style=\"clear: both; text-align: center;\">\n<a href=\"https:\/\/2.bp.blogspot.com\/-jg_QYx3Gq2A\/Wwf-8wcQlfI\/AAAAAAAAyFI\/L-qMtjy1UvQ2KAxNdPIO4MoY1txMV-dZQCLcBGAs\/s1600\/greve.jpg\" imageanchor=\"1\" style=\"margin-left: 1em; margin-right: 1em;\"><img loading=\"lazy\" decoding=\"async\" border=\"0\" data-original-height=\"225\" data-original-width=\"300\" height=\"480\" src=\"http:\/\/blogdoedvaldomagalhaes.com.br\/wp-content\/uploads\/2018\/05\/greve.jpg\" width=\"640\" \/><\/a><\/div>\n<div class=\"separator\" style=\"clear: both; text-align: center;\">\nFoto: WhatsApp\/Cortesia<\/div>\n<div style=\"background-color: white; box-sizing: border-box; line-height: 24px; margin-bottom: 10px; text-align: justify;\">\n<\/div>\n<div style=\"background-color: white; box-sizing: border-box; line-height: 24px; margin-bottom: 10px; text-align: justify;\">\nOs caminhoneiros rejeitaram a proposta de \u201ctr\u00e9gua\u201d apresentada pelo governo e seguem com protestos em Pernambuco. Nesta manh\u00e3 de sexta-feira (25), eles bloquearam a BR-232 em v\u00e1rios pontos.<\/div>\n<div style=\"background-color: white; box-sizing: border-box; line-height: 24px; margin-bottom: 10px; text-align: justify;\">\nDe acordo com a Pol\u00edcia Rodovi\u00e1ria Federal (PRF), est\u00e3o interditados trechos da rodovia em Belo Jardim, Pesqueira, Serra Talhada e entre Caruaru e Bezerros.<\/div>\n<div style=\"background-color: white; box-sizing: border-box; line-height: 24px; margin-bottom: 10px; text-align: justify;\">\nEm Caruaru, a mobiliza\u00e7\u00e3o dos caminhoneiros ganhou ades\u00e3o dos motoristas do transporte escolar. Eles marcaram um ato para come\u00e7ar na Rua Visconde de Inha\u00fama, bairro Maur\u00edcio de Nassau.<\/div>\n<div style=\"background-color: white; box-sizing: border-box; line-height: 24px; margin-bottom: 10px; text-align: justify;\">\nA greve interdita rodovias em 24 estados e no Distrito Federal. Rio Grande do Sul e Paran\u00e1 s\u00e3o os estados com mais pontos de protestos.<\/div>\n<div style=\"background-color: white; box-sizing: border-box; line-height: 24px; margin-bottom: 10px; text-align: justify;\">\nAl\u00e9m de Pernambuco, h\u00e1 mobiliza\u00e7\u00e3o no Rio Grande do Norte, Bahia, Minas Gerais, Rio de Janeiro, Amazonas, Par\u00e1, Mato Grosso do Sul, Para\u00edba, Santa Catarina, Esp\u00edrito Santo, Sergipe e S\u00e3o Paulo.<\/div>\n<div style=\"background-color: white; box-sizing: border-box; line-height: 24px; margin-bottom: 10px; text-align: justify;\">\nEm Caruaru, os caminhoneiros est\u00e3o concentrados nas BRs 104 e 232.&nbsp;<\/div>\n<div style=\"background-color: white; box-sizing: border-box; line-height: 24px; margin-bottom: 10px; text-align: justify;\">\nInforma\u00e7\u00f5es: Helenivaldo Pereira\/R\u00e1dio Liberdade.<\/div>\n","protected":false},"excerpt":{"rendered":"<p>Foto: WhatsApp\/Cortesia Os caminhoneiros rejeitaram a proposta de \u201ctr\u00e9gua\u201d apresentada pelo governo e seguem com protestos em Pernambuco. Nesta manh\u00e3&hellip;<\/p>\n","protected":false},"author":1,"featured_media":0,"comment_status":"open","ping_status":"open","sticky":false,"template":"","format":"standard","meta":{"footnotes":""},"categories":[1],"tags":[2,2456,6],"class_list":["post-2316","post","type-post","status-publish","format-standard","hentry","category-sem-categoria","tag-blog-do-edvaldo-magalhaes","tag-caminhoneiros-rejeitam-proposta-do-governo-e-continuam-protestando-nas-rodovias","tag-noticias"],"_links":{"self":[{"href":"https:\/\/blogdoedvaldomagalhaes.com.br\/index.php\/wp-json\/wp\/v2\/posts\/2316","targetHints":{"allow":["GET"]}}],"collection":[{"href":"https:\/\/blogdoedvaldomagalhaes.com.br\/index.php\/wp-json\/wp\/v2\/posts"}],"about":[{"href":"https:\/\/blogdoedvaldomagalhaes.com.br\/index.php\/wp-json\/wp\/v2\/types\/post"}],"author":[{"embeddable":true,"href":"https:\/\/blogdoedvaldomagalhaes.com.br\/index.php\/wp-json\/wp\/v2\/users\/1"}],"replies":[{"embeddable":true,"href":"https:\/\/blogdoedvaldomagalhaes.com.br\/index.php\/wp-json\/wp\/v2\/comments?post=2316"}],"version-history":[{"count":1,"href":"https:\/\/blogdoedvaldomagalhaes.com.br\/index.php\/wp-json\/wp\/v2\/posts\/2316\/revisions"}],"predecessor-version":[{"id":31142,"href":"https:\/\/blogdoedvaldomagalhaes.com.br\/index.php\/wp-json\/wp\/v2\/posts\/2316\/revisions\/31142"}],"wp:attachment":[{"href":"https:\/\/blogdoedvaldomagalhaes.com.br\/index.php\/wp-json\/wp\/v2\/media?parent=2316"}],"wp:term":[{"taxonomy":"category","embeddable":true,"href":"https:\/\/blogdoedvaldomagalhaes.com.br\/index.php\/wp-json\/wp\/v2\/categories?post=2316"},{"taxonomy":"post_tag","embeddable":true,"href":"https:\/\/blogdoedvaldomagalhaes.com.br\/index.php\/wp-json\/wp\/v2\/tags?post=2316"}],"curies":[{"name":"wp","href":"https:\/\/api.w.org\/{rel}","templated":true}]}}