{"id":2312,"date":"2018-05-25T14:48:00","date_gmt":"2018-05-25T17:48:00","guid":{"rendered":"http:\/\/blogdoedvaldomagalhaes.com.br\/index.php\/2018\/05\/25\/crianca-de-um-ano-e-cinco-meses-morre\/"},"modified":"2019-02-09T02:16:09","modified_gmt":"2019-02-09T04:16:09","slug":"crianca-de-um-ano-e-cinco-meses-morre","status":"publish","type":"post","link":"https:\/\/blogdoedvaldomagalhaes.com.br\/index.php\/2018\/05\/25\/crianca-de-um-ano-e-cinco-meses-morre\/","title":{"rendered":"Crian\u00e7a de um ano e cinco meses morre afogada em Caruaru"},"content":{"rendered":"<div class=\"_5pbx userContent _3576\" data-ft=\"{&quot;tn&quot;:&quot;K&quot;}\" style=\"background-color: white; line-height: 1.38; margin-top: 6px;\">\n<div class=\"separator\" style=\"clear: both; text-align: center;\">\n<a href=\"https:\/\/2.bp.blogspot.com\/-QzzD_OgGjGM\/Wwgh3fz82uI\/AAAAAAAAyGY\/_Wc5FIAVLJA4s2DyALVy9MEdBgxqAVYUgCLcBGAs\/s1600\/2.jpg\" imageanchor=\"1\" style=\"margin-left: 1em; margin-right: 1em;\"><img loading=\"lazy\" decoding=\"async\" border=\"0\" data-original-height=\"639\" data-original-width=\"960\" height=\"424\" src=\"http:\/\/blogdoedvaldomagalhaes.com.br\/wp-content\/uploads\/2018\/05\/2-17.jpg\" width=\"640\" \/><\/a><\/div>\n<div style=\"margin-bottom: 6px; margin-top: 6px; text-align: justify;\">\n<\/div>\n<div style=\"margin-bottom: 6px; margin-top: 6px; text-align: justify;\">\nO fato lament\u00e1vel ocorreu na avenida Samarino, no bairro S\u00e3o Jo\u00e3o da Esc\u00f3cia, em Caruaru, nessa quinta-feira (24). O filho \u00fanico de um casal evang\u00e9lico, Davi Jos\u00e9 de Lima Silva, de apenas um ano e cinco meses, morreu afogado dentro de um balde. Segundo familiares, ele estava brincando dentro de casa, quando saiu e se afogou. A m\u00e3e do menino entrou em desespero pedindo ajuda aos vizinhos.&nbsp;<\/p>\n<p>A crian\u00e7a foi levada para a UPA do Salgado, mas j\u00e1 chegou sem vida, v\u00edtima de parada cardiorrespirat\u00f3ria. Os m\u00e9dicos tentaram reanim\u00e1-lo, mas sem sucesso.<\/p>\n<\/div>\n<\/div>\n","protected":false},"excerpt":{"rendered":"<p>O fato lament\u00e1vel ocorreu na avenida Samarino, no bairro S\u00e3o Jo\u00e3o da Esc\u00f3cia, em Caruaru, nessa quinta-feira (24). O filho&hellip;<\/p>\n","protected":false},"author":1,"featured_media":0,"comment_status":"open","ping_status":"open","sticky":false,"template":"","format":"standard","meta":{"footnotes":""},"categories":[1],"tags":[2,2452,6],"class_list":["post-2312","post","type-post","status-publish","format-standard","hentry","category-sem-categoria","tag-blog-do-edvaldo-magalhaes","tag-crianca-de-um-ano-e-cinco-meses-morre-afogada-em-caruaru","tag-noticias"],"_links":{"self":[{"href":"https:\/\/blogdoedvaldomagalhaes.com.br\/index.php\/wp-json\/wp\/v2\/posts\/2312","targetHints":{"allow":["GET"]}}],"collection":[{"href":"https:\/\/blogdoedvaldomagalhaes.com.br\/index.php\/wp-json\/wp\/v2\/posts"}],"about":[{"href":"https:\/\/blogdoedvaldomagalhaes.com.br\/index.php\/wp-json\/wp\/v2\/types\/post"}],"author":[{"embeddable":true,"href":"https:\/\/blogdoedvaldomagalhaes.com.br\/index.php\/wp-json\/wp\/v2\/users\/1"}],"replies":[{"embeddable":true,"href":"https:\/\/blogdoedvaldomagalhaes.com.br\/index.php\/wp-json\/wp\/v2\/comments?post=2312"}],"version-history":[{"count":1,"href":"https:\/\/blogdoedvaldomagalhaes.com.br\/index.php\/wp-json\/wp\/v2\/posts\/2312\/revisions"}],"predecessor-version":[{"id":31156,"href":"https:\/\/blogdoedvaldomagalhaes.com.br\/index.php\/wp-json\/wp\/v2\/posts\/2312\/revisions\/31156"}],"wp:attachment":[{"href":"https:\/\/blogdoedvaldomagalhaes.com.br\/index.php\/wp-json\/wp\/v2\/media?parent=2312"}],"wp:term":[{"taxonomy":"category","embeddable":true,"href":"https:\/\/blogdoedvaldomagalhaes.com.br\/index.php\/wp-json\/wp\/v2\/categories?post=2312"},{"taxonomy":"post_tag","embeddable":true,"href":"https:\/\/blogdoedvaldomagalhaes.com.br\/index.php\/wp-json\/wp\/v2\/tags?post=2312"}],"curies":[{"name":"wp","href":"https:\/\/api.w.org\/{rel}","templated":true}]}}